{"id":58841,"date":"2017-10-10T00:00:00","date_gmt":"2017-10-10T06:00:00","guid":{"rendered":"https:\/\/dralvarez.com.mx\/larevista\/blog\/acciones-concretas-para-prevenir-la-violencia-contra-la-mujer-18446"},"modified":"2017-10-10T00:00:00","modified_gmt":"2017-10-10T06:00:00","slug":"acciones-concretas-para-prevenir-la-violencia-contra-la-mujer-18446","status":"publish","type":"post","link":"https:\/\/dralvarez.com.mx\/larevista\/yucatan\/acciones-concretas-para-prevenir-la-violencia-contra-la-mujer-18446","title":{"rendered":"Acciones concretas para prevenir la violencia contra la mujer"},"content":{"rendered":"<\/p>\n<div>El alcalde Mauricio Vila Dosal present\u00f3 esta ma\u00f1ana  la L\u00ednea Rosa,  programa de atenci\u00f3n especializada en combatir la violencia contra la mujer y el primero  en su tipo en el estado para fortalecer su seguridad en momentos de crisis, apoy\u00e1ndolas para salvaguardar su integridad, y de esta forma, procurarles una vida libre de violencia e impulsar su empoderamiento.<\/div>\n<div>&nbsp;<\/div>\n<div>El proyecto, que consiste en ofrecer este apoyo a trav\u00e9s de una aplicaci\u00f3n m\u00f3vil y una l\u00ednea telef\u00f3nica de asistencia gratuita de 24 horas los 7 d\u00edas de la semana,  se suma a las acciones del Ayuntamiento de M\u00e9rida para prevenir las agresiones y garantizar los derechos civiles de las mujeres de M\u00e9rida y sus comisar\u00edas.<\/div>\n<div>&nbsp;<\/div>\n<div>-Nos hemos tomado muy en serio este compromiso. Ya basta con los discursos, las palabras y las buenas intenciones, es hora de tomar acciones- declar\u00f3 Vila Dosal.<\/div>\n<div>&nbsp;<\/div>\n<div>La L\u00ednea Rosa tiene como objetivo atender a quienes lo necesiten en momento de crisis a trav\u00e9s de los siguientes procesos: 1) Intervenci\u00f3n en crisis en casos de emergencia (riesgo extremo); 2) Brindar protocolos de seguridad personalizados de acuerdo con la situaci\u00f3n; 3) Previa autorizaci\u00f3n de la mujer, vinculaci\u00f3n con la unidad especializada en Atenci\u00f3n a la Violencia de G\u00e9nero de la Polic\u00eda Municipal para rescate de la mujer; 4) Canalizaci\u00f3n con un especialista.<\/div>\n<div>&nbsp;<\/div>\n<div>&nbsp;La atenci\u00f3n del programa est\u00e1 a cargo de psic\u00f3logos, abogados y trabajadores sociales. Quienes deseen recurrir a sus servicios pueden hacerlo llamando  a los siguientes n\u00fameros: 01 800 455ROSA, 923-09-73 o descargar la aplicaci\u00f3n m\u00f3vil trav\u00e9s de la p\u00e1gina web <a target=\"_blank\" rel=\"nofollow noopener\" href=\"http:\/\/www.merida.gob.mx\/mujer\">www.merida.gob.mx\/mujer<\/a>. La aplicaci\u00f3n m\u00f3vil est\u00e1 disponible tanto para el sistema de celulares Android o Iphone.<\/div>\n<div><\/p>\n<div><b>A partir de noviembre estar\u00e1 disponible el n\u00famero 075.<\/b><\/div>\n<\/div>\n<div>-En la app existen dos opciones para quien sienta la amenaza de una situaci\u00f3n de violencia: Marcar gratuitamente a la L\u00ednea Rosa o agregar contactos personales de entera confianza a quienes se les puede marcar o mandar ubicaci\u00f3n para recibir ayuda- explic\u00f3 el presidente municipal.<\/div>\n<div>&nbsp;<\/div>\n<div>Record\u00f3 que los proyectos del Ayuntamiento para garantizar la integridad de las mujeres tambi\u00e9n son el apoyo desde un principio al grupo de trabajo que solicit\u00f3 y logr\u00f3 la Declaratoria de la Alerta de Violencia de G\u00e9nero contras las Mujeres en el Estado de Yucat\u00e1n y el incremento al presupuesto del Instituto Municipal de la Mujer en un 22%.<\/div>\n<div>&nbsp;<\/div>\n<div>Vila Dosal record\u00f3 que tambi\u00e9n se debe reconocer el esfuerzo de diferentes asociaciones civiles para abatir este mal social que afecta a cientos de mujeres en la capital yucateca y promover el empoderamiento femenino.<\/div>\n<div>&nbsp;<\/div>\n<div>En el evento se firm\u00f3 un Acuerdo de Colaboraci\u00f3n Ciudadana a trav\u00e9s de la L\u00ednea Rosa y su Aplicaci\u00f3n M\u00f3vil con un grupo de mujeres y activistas en la defensa de los derechos humanos que participar\u00e1n en el monitoreo, seguimiento, capacitaci\u00f3n y coadyuvancia en el cumplimiento de sus objetivos.<\/div>\n<div>&nbsp;<\/div>\n<div>Este acuerdo de colaboraci\u00f3n fue firmado por Nancy Walker Olvera, directora de Ciencia Social Alternativa, de la Asociaci\u00f3n Civil Kookay; Ligia Vera Gamboa, representante del Centro de Estudios Superiores en Sexualidad CESSEX; Bertha Elena Mungu\u00eda Gil, presidenta del Centro de Apoyo Solidario Documentaci\u00f3n y Estudio A.C y Adelaida Salas Salazar, directora del Observatorio Ciudadano Nacional del Feminicidio.<\/div>\n<div>&nbsp;<\/div>\n<div>Ligia Vera Gamboa, a nombre de quienes firmaron el acuerdo, destac\u00f3 que a partir de hoy, las mujeres de M\u00e9rida y sus comisar\u00edas cuentan con una herramienta m\u00e1s que les permitir\u00e1 romper el c\u00edrculo de la violencia en que viven, atendidas por personal especializado y un equipo multidisciplinario.<\/div>\n<div>&nbsp;<\/div>\n<div>-Nuestro agradecimiento al alcalde Mauricio Vila Dosal porque ha sido y es sensible al tema de la violencia contra las mujeres, como lo ha sido a lo largo de su administraci\u00f3n. Hoy la L\u00ednea Rosa es una prueba m\u00e1s de ello- dijo.<\/div>\n<div>&nbsp;<\/div>\n<div>Nancy Walker Olvera, directora de Ciencia Social Alternativa \u201cKookay\u201d, indic\u00f3 por su parte que el trabajo conjunto de autoridades y sociedad civil son acciones positivas en favor de la mujer y la L\u00ednea Rosa es parte de las mismas.<\/div>\n<div>&nbsp;<\/div>\n<div>Bertha Elena Mungu\u00eda, presidenta del Centro de Apoyo Solidario Documentaci\u00f3n y Estudio A.C., consider\u00f3 que las acciones de autoridades, asociaciones civiles y ciudadan\u00eda en general para erradicar la violencia son positivas porque contribuyen a crear conciencia del problema.<\/div>\n<div>&nbsp;<\/div>\n<div>\u2014Como ciudadan\u00eda nos toca vigilar y exigir que se cumplan los acuerdos a favor de las mujeres \u2014expres\u00f3.<\/div>\n<div>&nbsp;<\/div>\n<div>Mar\u00eda Herrera P\u00e1ramo, directora del Instituto Municipal de la Mujer, indic\u00f3 que los programas desarrollados en la dependencia cumplen con todos los requisitos a nivel federal y estatal.<\/div>\n<div>&nbsp;<\/div>\n<div>-Nuestra principal prioridad es proyectar con mayor amplitud la protecci\u00f3n a las mujeres en todos los sentidos. Lo que nos toca es lo que hoy est\u00e1bamos hablando, es una responsabilidad social, humana y pol\u00edtica- refiri\u00f3.<\/div>\n<div>&nbsp;<\/div>\n<div>-Mientras sigamos pensando que la violencia contra las mujeres es s\u00f3lo cosa de mujeres, no logramos avanzar. La clase pol\u00edtica se est\u00e1 comprometiendo a abanderar estos cosas y eso me parece importante- acot\u00f3.<\/div>\n<div>&nbsp;<\/div>\n<div><b>Trabajo constante a favor de la mujer <\/b><\/div>\n<div>&nbsp;<\/div>\n<div>El alcalde  Mauricio Vila Dosal record\u00f3 que el Ayuntamiento de M\u00e9rida, a trav\u00e9s del Instituto Municipal de la Mujer, constantemente implementa programas y acciones diversas para combatir la situaci\u00f3n de crisis que viven, atender su salud y asesorarlas para su desarrollo pleno y empoderamiento. <\/div>\n<div>&nbsp;<\/div>\n<div>En este marco, el presidente municipal anunci\u00f3 la creaci\u00f3n de la sede sur del Instituto Municipal de la Mujer, en la colonia Emiliano Zapata Sur, adicionales a las de Poniente (Fraccionamiento Juan Pablo) y la ubicada en el Centro Hist\u00f3rico. En estos lugares se brindar\u00e1 atenci\u00f3n psicol\u00f3gica, legal y todos los servicios para apoyar a mujeres en situaciones vulnerables.<\/div>\n<div>&nbsp;<\/div>\n<div>Adem\u00e1s, record\u00f3 que s\u00f3lo existen dos refugios para se\u00f1oras y se\u00f1oritas en situaci\u00f3n de violencia en Yucat\u00e1n. Uno de ellos es operado por una asociaci\u00f3n civil y el otro pertenece al Ayuntamiento de M\u00e9rida (CAREM).<\/div>\n<div>&nbsp;<\/div>\n<div>-Queremos compartirles que aumentaremos su capacidad para atender a m\u00e1s mujeres vulnerables- destac\u00f3.<\/div>\n<div>&nbsp;<\/div>\n<div>Vila Dosal agreg\u00f3 en un esfuerzo por mejorar la calidad de vida de las trabajadoras del Ayuntamiento de M\u00e9rida, a partir de hoy aumentar\u00e1n de cuatro a cinco meses las licencias con goce de sueldo por motivos de maternidad.<\/div>\n<div><b>&nbsp;<\/b><\/div>\n<div><b>Opiniones<\/b><\/div>\n<div>&nbsp;<\/div>\n<div>Mauria May, vecina del fraccionamiento San Jos\u00e9 Tzal, consider\u00f3 positivo el establecimiento de la l\u00ednea rosa porque es una herramienta m\u00e1s para la seguridad de las mujeres.<\/div>\n<div>&nbsp;<\/div>\n<div>Madre de tres ni\u00f1as, de 13, 11 y 9 a\u00f1os de edad, afirm\u00f3 que es de agradecerse el trabajo municipal para brindar apoyos especialmente a las mujeres.<\/div>\n<div>&nbsp;<\/div>\n<div>\u2014La mayor\u00eda de las mujeres que vive alguna situaci\u00f3n de violencia requiere apoyo de la autoridad y vemos que este alcalde s\u00ed nos tiene en cuenta \u2014dijo.<\/div>\n<div>Bertha Gabriela Canto Pi\u00f1a, de San Ignacio Tesip, calific\u00f3 de excelente el proyecto de la l\u00ednea rosa.<\/div>\n<div>&nbsp;<\/div>\n<div>\u2014Es muy bueno el apoyo que nos da el Ayuntamiento con esta l\u00ednea, sobre todo en el caso de quienes vivimos en una hacienda y para quienes es indispensable contar con un apoyo inmediato como ser\u00e1 la l\u00ednea rosa \u2014puntualiz\u00f3.<\/div>\n<div>&nbsp;<\/div>\n<div>Dijo que es muy positivo el trabajo para apoyar a las mujeres y extern\u00f3 su deseo de que las autoridades municipales sigan trabajando como hasta ahora en ese tema.<\/div>\n<div>&nbsp;<\/div>\n<div>&nbsp;Al evento asistieron las diputadas Kathia Bolio Pinelo y Beatriz Zavala, as\u00ed como regidores, directores y subdirectores del Ayuntamiento de M\u00e9rida, entre otros invitados.<\/div>\n<p><\/p>\n","protected":false},"excerpt":{"rendered":"<p>Presenta Mauricio Vila Dosal, con organizaciones, proyecto de prevenci\u00f3n y apoyo L\u00ednea Rosa.<\/p>\n","protected":false},"author":1018,"featured_media":0,"comment_status":"open","ping_status":"open","sticky":false,"template":"","format":"standard","meta":{"tdm_status":"","tdm_grid_status":"","footnotes":""},"categories":[21],"tags":[],"_links":{"self":[{"href":"https:\/\/dralvarez.com.mx\/larevista\/wp-json\/wp\/v2\/posts\/58841"}],"collection":[{"href":"https:\/\/dralvarez.com.mx\/larevista\/wp-json\/wp\/v2\/posts"}],"about":[{"href":"https:\/\/dralvarez.com.mx\/larevista\/wp-json\/wp\/v2\/types\/post"}],"author":[{"embeddable":true,"href":"https:\/\/dralvarez.com.mx\/larevista\/wp-json\/wp\/v2\/users\/1018"}],"replies":[{"embeddable":true,"href":"https:\/\/dralvarez.com.mx\/larevista\/wp-json\/wp\/v2\/comments?post=58841"}],"version-history":[{"count":0,"href":"https:\/\/dralvarez.com.mx\/larevista\/wp-json\/wp\/v2\/posts\/58841\/revisions"}],"wp:attachment":[{"href":"https:\/\/dralvarez.com.mx\/larevista\/wp-json\/wp\/v2\/media?parent=58841"}],"wp:term":[{"taxonomy":"category","embeddable":true,"href":"https:\/\/dralvarez.com.mx\/larevista\/wp-json\/wp\/v2\/categories?post=58841"},{"taxonomy":"post_tag","embeddable":true,"href":"https:\/\/dralvarez.com.mx\/larevista\/wp-json\/wp\/v2\/tags?post=58841"}],"curies":[{"name":"wp","href":"https:\/\/api.w.org\/{rel}","templated":true}]}}