{"id":58835,"date":"2017-10-10T00:00:00","date_gmt":"2017-10-10T06:00:00","guid":{"rendered":"https:\/\/dralvarez.com.mx\/larevista\/blog\/el-combate-a-la-pobreza-no-se-detiene-18440"},"modified":"2017-10-10T00:00:00","modified_gmt":"2017-10-10T06:00:00","slug":"el-combate-a-la-pobreza-no-se-detiene-18440","status":"publish","type":"post","link":"https:\/\/dralvarez.com.mx\/larevista\/yucatan\/el-combate-a-la-pobreza-no-se-detiene-18440","title":{"rendered":"El combate a la pobreza no se detiene"},"content":{"rendered":"<\/p>\n<p>M\u00e9rida, Yucat\u00e1n, 9 de octubre de 2017.- En un foro con estudiantes del Instituto Tecnol\u00f3gico de M\u00e9rida (ITM), campus poniente, el titular de la Secretar\u00eda de Desarrollo Social (Sedesol), Mauricio Sahu\u00ed Rivero, destac\u00f3 que Yucat\u00e1n est\u00e1 creciendo por encima de la econom\u00eda nacional y en materia de combate a la pobreza se avanza por lo que no puede haber pausas, ni distracciones en el trabajo gubernamental.<\/p>\n<p>\u201cSeguiremos trabajando en la vertiente que nos corresponde que es reducir las carencias sociales y hasta el \u00faltimo d\u00eda lo haremos con gran \u00e1nimo porque siempre este esfuerzo de cercan\u00eda, de dedicaci\u00f3n, seguramente entregar\u00e1 muy buenos resultados a las familias yucatecas\u201d, puntualiz\u00f3.<\/p>\n<p>En un di\u00e1logo directo con estudiantes de las carreras de administraci\u00f3n, ingenier\u00eda y tecnolog\u00eda; inform\u00e1tica e informaci\u00f3n, el funcionario estatal present\u00f3 los avances de la pol\u00edtica social en el estado.<\/p>\n<p>\u201cTenemos buenos n\u00fameros que avalan instancias como el Consejo Nacional de Evaluaci\u00f3n de la Pol\u00edtica de Desarrollo Social (Coneval) lo que nos marca una tendencia favorable\u201d, manifest\u00f3.<\/p>\n<p>Sin embargo, recalc\u00f3 que todav\u00eda existen retos importantes &nbsp;por vencer y la Sedesol continuar\u00e1 trabajando en la ruta trazada, haciendo equipo con los tres \u00f3rdenes de gobierno y la sociedad dentro de la cual est\u00e1n inmersas las nuevas generaciones.<\/p>\n<p>.\u201cNosotros creemos que es sumamente importante que los futuros profesionistas est\u00e9n enterados del rumbo que Yucat\u00e1n hoy est\u00e1 teniendo, porque son ustedes los que consolidar\u00e1n estos buenos resultados\u201d, expres\u00f3.<\/p>\n<p>Sahu\u00ed Rivero expuso que el gobierno de Rolando Zapata Bello tiene como prioridad generar condiciones de bienestar para las familias yucatecas y desarrolla acciones integrales para conseguir ese objetivo.<\/p>\n<p>\u201cEn Yucat\u00e1n hay un crecimiento econ\u00f3mico sostenido que, sin duda, va ligado al capital humano y sus competencias &nbsp;y son los j\u00f3venes quienes van a consolidar este buen rumbo que hoy se tiene en el Estado\u201d, apunt\u00f3.<\/p>\n<p><\/p>\n","protected":false},"excerpt":{"rendered":"<p>Exponen resultados de la pol\u00edtica social ante estudiantes del Tecnol\u00f3gico<\/p>\n","protected":false},"author":1018,"featured_media":0,"comment_status":"open","ping_status":"open","sticky":false,"template":"","format":"standard","meta":{"tdm_status":"","tdm_grid_status":"","footnotes":""},"categories":[21],"tags":[],"_links":{"self":[{"href":"https:\/\/dralvarez.com.mx\/larevista\/wp-json\/wp\/v2\/posts\/58835"}],"collection":[{"href":"https:\/\/dralvarez.com.mx\/larevista\/wp-json\/wp\/v2\/posts"}],"about":[{"href":"https:\/\/dralvarez.com.mx\/larevista\/wp-json\/wp\/v2\/types\/post"}],"author":[{"embeddable":true,"href":"https:\/\/dralvarez.com.mx\/larevista\/wp-json\/wp\/v2\/users\/1018"}],"replies":[{"embeddable":true,"href":"https:\/\/dralvarez.com.mx\/larevista\/wp-json\/wp\/v2\/comments?post=58835"}],"version-history":[{"count":0,"href":"https:\/\/dralvarez.com.mx\/larevista\/wp-json\/wp\/v2\/posts\/58835\/revisions"}],"wp:attachment":[{"href":"https:\/\/dralvarez.com.mx\/larevista\/wp-json\/wp\/v2\/media?parent=58835"}],"wp:term":[{"taxonomy":"category","embeddable":true,"href":"https:\/\/dralvarez.com.mx\/larevista\/wp-json\/wp\/v2\/categories?post=58835"},{"taxonomy":"post_tag","embeddable":true,"href":"https:\/\/dralvarez.com.mx\/larevista\/wp-json\/wp\/v2\/tags?post=58835"}],"curies":[{"name":"wp","href":"https:\/\/api.w.org\/{rel}","templated":true}]}}