{"id":58833,"date":"2017-10-10T00:00:00","date_gmt":"2017-10-10T06:00:00","guid":{"rendered":"https:\/\/dralvarez.com.mx\/larevista\/blog\/desde-preescolar-se-debe-combatir-la-violencia-de-genero-18438"},"modified":"2017-10-10T00:00:00","modified_gmt":"2017-10-10T06:00:00","slug":"desde-preescolar-se-debe-combatir-la-violencia-de-genero-18438","status":"publish","type":"post","link":"https:\/\/dralvarez.com.mx\/larevista\/yucatan\/desde-preescolar-se-debe-combatir-la-violencia-de-genero-18438","title":{"rendered":"Desde preescolar se debe combatir la violencia de g\u00e9nero"},"content":{"rendered":"<\/p>\n<p>M\u00e9rida, Yucat\u00e1n; 09 de octubre de 2017 (ACOM).- El combate a la violencia de g\u00e9nero debe hacerse desde temprana edad en los peque\u00f1os, por lo que debe abordarse en las aulas de preescolar, afirm\u00f3 la investigadora, Ligia Vera Gamboa.<\/p>\n<p>Entrevistada sobre el reciente caso de presunto feminicidio contra una mujer en Komch\u00e9n, la catedr\u00e1tica de la Universidad Aut\u00f3noma de Yucat\u00e1n (UADY) se\u00f1al\u00f3 que las autoridades educativas tienen que involucrarse en materia de prevenci\u00f3n, pues afirm\u00f3 que los cambios sociales no pueden darse por decretos legales.<\/p>\n<p>&#8220;La Secretar\u00eda de educaci\u00f3n tiene que implementar medidas por el respeto a los derechos. Vivimos en un modelo en el que uno gana y otro pierde, cuando debe ser de ganar ambos&#8221;, apunt\u00f3.<\/p>\n<p>La tambi\u00e9n docente del Centro de Estudios Superiores en Sexualidad (Cessex) se\u00f1al\u00f3 que parte de la reacci\u00f3n violenta contra la mujer tiene que ver con la expresi\u00f3n de emociones, algo que es m\u00e1s dif\u00edcil en el hombre, aunado a que hay cambios en la transformaci\u00f3n de la masculinidad, pues las f\u00e9minas ya ocupan esca\u00f1os que antes eran s\u00f3lo para varones.<\/p>\n<p>En ese tenor, indic\u00f3 que es importante que la sociedad aprenda a manifestarse y expresarse de manera adecuada, de modo que se pueda combatir los actos que desencadenen la violencia.<\/p>\n<p>Record\u00f3 que en Yucat\u00e1n se solicit\u00f3 la alerta de g\u00e9nero para crear acciones que combatan las conductas violentas, por lo que urgi\u00f3 que se apliquen las recomendaciones hechas por la autoridad federal para este fin.<\/p>\n<p>&#8220;Pr\u00f3ximamente habr\u00e1 reuni\u00f3n con autoridades estatales para determinar las acciones para dar respuesta a las recomendaciones que se hicieron&#8221;, explic\u00f3.<\/p>\n<p>Dej\u00f3 en claro que se trabajar\u00e1 en acciones muy puntuales y concretas en la materia, de las se\u00f1al\u00f3 que unas ser\u00e1n m\u00e1s sencillas de aplicar que otras, como son las que van encaminadas a modificar el entorno social y cultural de las personas.<\/p>\n<p>De hecho, Ligia Vera pidi\u00f3 un minuto de silencio en memoria de la mujer ultimada ayer en Komch\u00e9n, durante un acto oficial de la Comuna de M\u00e9rida.<\/p>\n<p><\/p>\n","protected":false},"excerpt":{"rendered":"<p>El combate a la violencia de g\u00e9nero debe hacerse desde temprana edad en los peque\u00f1os.<\/p>\n","protected":false},"author":1018,"featured_media":0,"comment_status":"open","ping_status":"open","sticky":false,"template":"","format":"standard","meta":{"tdm_status":"","tdm_grid_status":"","footnotes":""},"categories":[21],"tags":[],"_links":{"self":[{"href":"https:\/\/dralvarez.com.mx\/larevista\/wp-json\/wp\/v2\/posts\/58833"}],"collection":[{"href":"https:\/\/dralvarez.com.mx\/larevista\/wp-json\/wp\/v2\/posts"}],"about":[{"href":"https:\/\/dralvarez.com.mx\/larevista\/wp-json\/wp\/v2\/types\/post"}],"author":[{"embeddable":true,"href":"https:\/\/dralvarez.com.mx\/larevista\/wp-json\/wp\/v2\/users\/1018"}],"replies":[{"embeddable":true,"href":"https:\/\/dralvarez.com.mx\/larevista\/wp-json\/wp\/v2\/comments?post=58833"}],"version-history":[{"count":0,"href":"https:\/\/dralvarez.com.mx\/larevista\/wp-json\/wp\/v2\/posts\/58833\/revisions"}],"wp:attachment":[{"href":"https:\/\/dralvarez.com.mx\/larevista\/wp-json\/wp\/v2\/media?parent=58833"}],"wp:term":[{"taxonomy":"category","embeddable":true,"href":"https:\/\/dralvarez.com.mx\/larevista\/wp-json\/wp\/v2\/categories?post=58833"},{"taxonomy":"post_tag","embeddable":true,"href":"https:\/\/dralvarez.com.mx\/larevista\/wp-json\/wp\/v2\/tags?post=58833"}],"curies":[{"name":"wp","href":"https:\/\/api.w.org\/{rel}","templated":true}]}}