{"id":58832,"date":"2017-10-10T00:00:00","date_gmt":"2017-10-10T06:00:00","guid":{"rendered":"https:\/\/dralvarez.com.mx\/larevista\/blog\/brote-de-conjuntivitis-causo-estragos-en-empresas-del-estado-18437"},"modified":"2017-10-10T00:00:00","modified_gmt":"2017-10-10T06:00:00","slug":"brote-de-conjuntivitis-causo-estragos-en-empresas-del-estado-18437","status":"publish","type":"post","link":"https:\/\/dralvarez.com.mx\/larevista\/yucatan\/brote-de-conjuntivitis-causo-estragos-en-empresas-del-estado-18437","title":{"rendered":"Brote de conjuntivitis caus\u00f3 estragos en empresas del estado"},"content":{"rendered":"<\/p>\n<p>Sin embargo, la C\u00e1mara Nacional de Comercio (Canaco) de M\u00e9rida espera que la incidencia de este padecimiento vaya a la baja en fechas pr\u00f3ximas, aunque no baja la guardia en cuanto a la prevenci\u00f3n.<\/p>\n<p>\u201cAfortunadamente, creo que ya est\u00e1 un poquito a la baja. Sigue siendo un problema. En s\u00ed, las empresas sufrieron un poco. Tuvimos ausentismo, en algunos casos de m\u00e1s del 25 por ciento\u201d, reconoci\u00f3 el presidente de la Canaco, Juan Jos\u00e9 Abraham Daguer.<\/p>\n<p>El l\u00edder empresarial indic\u00f3 que el sector se mantiene al pendiente de la evoluci\u00f3n del padecimiento, por lo que consider\u00f3 necesario mantener las medidas de prevenci\u00f3n.<\/p>\n<p>\u201cPedirle a la gente que no baje la guardia, que contin\u00fae con el gel antibacterial, lavarse las mano, no agarrarse los ojos. Que quien tenga sospecha de estar enfermo, que vaya a atenderse. S\u00ed, vamos de salida pero en cualquier momento podemos recaer\u201d, mencion\u00f3.<\/p>\n<p>Hasta la \u00faltima semana epidemiol\u00f3gica, la Secretar\u00eda de Salud de Yucat\u00e1n report\u00f3 m\u00e1s de 22 mil casos de conjuntivitis registrados, cifra que rebasaba por un 30 por ciento los casos contabilizados en el mismo periodo pero de 2016.<\/p>\n<p><\/p>\n","protected":false},"excerpt":{"rendered":"<p>El reciente brote de conjuntivitis caus\u00f3 hasta un 25 por ciento de ausencias en varios comercios y empresas de Yucat\u00e1n, algo que caus\u00f3 ciertos apuros<\/p>\n","protected":false},"author":1018,"featured_media":0,"comment_status":"open","ping_status":"open","sticky":false,"template":"","format":"standard","meta":{"tdm_status":"","tdm_grid_status":"","footnotes":""},"categories":[21],"tags":[],"_links":{"self":[{"href":"https:\/\/dralvarez.com.mx\/larevista\/wp-json\/wp\/v2\/posts\/58832"}],"collection":[{"href":"https:\/\/dralvarez.com.mx\/larevista\/wp-json\/wp\/v2\/posts"}],"about":[{"href":"https:\/\/dralvarez.com.mx\/larevista\/wp-json\/wp\/v2\/types\/post"}],"author":[{"embeddable":true,"href":"https:\/\/dralvarez.com.mx\/larevista\/wp-json\/wp\/v2\/users\/1018"}],"replies":[{"embeddable":true,"href":"https:\/\/dralvarez.com.mx\/larevista\/wp-json\/wp\/v2\/comments?post=58832"}],"version-history":[{"count":0,"href":"https:\/\/dralvarez.com.mx\/larevista\/wp-json\/wp\/v2\/posts\/58832\/revisions"}],"wp:attachment":[{"href":"https:\/\/dralvarez.com.mx\/larevista\/wp-json\/wp\/v2\/media?parent=58832"}],"wp:term":[{"taxonomy":"category","embeddable":true,"href":"https:\/\/dralvarez.com.mx\/larevista\/wp-json\/wp\/v2\/categories?post=58832"},{"taxonomy":"post_tag","embeddable":true,"href":"https:\/\/dralvarez.com.mx\/larevista\/wp-json\/wp\/v2\/tags?post=58832"}],"curies":[{"name":"wp","href":"https:\/\/api.w.org\/{rel}","templated":true}]}}