{"id":58804,"date":"2017-10-09T00:00:00","date_gmt":"2017-10-09T06:00:00","guid":{"rendered":"https:\/\/dralvarez.com.mx\/larevista\/blog\/parque-acuatico-baxal-ja-sera-inaugurado-el-26-de-octubre-18408"},"modified":"2017-10-09T00:00:00","modified_gmt":"2017-10-09T06:00:00","slug":"parque-acuatico-baxal-ja-sera-inaugurado-el-26-de-octubre-18408","status":"publish","type":"post","link":"https:\/\/dralvarez.com.mx\/larevista\/yucatan\/parque-acuatico-baxal-ja-sera-inaugurado-el-26-de-octubre-18408","title":{"rendered":"Parque acu\u00e1tico Baxal-ja ser\u00e1 inaugurado el 26 de octubre"},"content":{"rendered":"<\/p>\n<p>El funcionario estatal detall\u00f3 que previo a la apertura de la 46\u00ba edici\u00f3n de la Feria Yucat\u00e1n se inaugurar\u00e1 el parque acu\u00e1tico m\u00e1s moderno de la pen\u00ednsula, que contar\u00e1 con toboganes, cascadas, ca\u00eddas de agua, un r\u00edo lento, resbaladizas, un \u00e1rea de alimentos, un centro de cuidados m\u00e9dicos, en una superficie de 18 mil metros cuadrados y con una capacidad para dos mil 500 personas.<\/p>\n<p>El parque acu\u00e1tico Baxal-ja funcionar\u00e1 todos los fines de semana y ser\u00e1 un espacio para las familias, con la oportunidad para recreaci\u00f3n y distracci\u00f3n de actividades infantiles y juveniles a precios m\u00f3dicos.<\/p>\n<p>Abraham Achach declar\u00f3 que este espacio contar\u00e1 con los equipos y la tecnolog\u00eda m\u00e1s avanzada para la utilizaci\u00f3n del agua, pero tambi\u00e9n para los juegos que estar\u00e1n al alcance de las personas que visiten este sitio.<\/p>\n<p>Agreg\u00f3 que el parque inici\u00f3 su construcci\u00f3n en marzo pasado y se concret\u00f3 con los recursos asignados al gobierno del estado tras la firma del centro ferial con una marca cervecera, por la preferencia de su marca.<\/p>\n<p>El parque dispondr\u00e1 de pista de surf, resbaladillas, canastas de agua, 10 toboganes, el m\u00e1s alto de 12 metros, con dispositivos de seguridad y mecanismos de protecci\u00f3n para los menores y las familias.<\/p>\n<p>Expuso que el servicio de operaci\u00f3n ser\u00e1 de 10 de la ma\u00f1ana a 18 horas todos los fines de semana, con precios accesibles que en una primera instancia ser\u00e1n de 80 pesos, -una pulsera-; sin embargo, de manera previa y durante la feria -del 10 de noviembre al 3 de diciembre- se estar\u00e1 vendiendo a 60 pesos.<\/p>\n<p>Por otra parte, el presidente del IPFY inform\u00f3 que el precio de entrada a la Feria Yucat\u00e1n se mantiene en 20 pesos y en 35 para quienes llegan en autom\u00f3vil.<\/p>\n<p>Expuso que se tienen previstos 2,350 eventos para la Feria, que abrir\u00e1 todos los d\u00edas desde las 8 AM hasta las 2 de la ma\u00f1ana.<\/p>\n<p>M\u00e1s de mil 300 expositores yucatecos y de otras partes de M\u00e9xico regresan para ofertar ropa, calzado, muebles, alimentos y artesan\u00edas, por mencionar algunos.<\/p>\n<p>Tambi\u00e9n se presentar\u00e1 el espect\u00e1culo \u201cLas Vegas Magic show y aventura en las Galaxias\u201d que tendr\u00e1 un costo de $20 pesos y $15 pesos a escolares. Otras atracciones son Forever Circus, Circo Aventura y Carpa de Espect\u00e1culos (teatro regional), las tres, tendr\u00e1n acceso gratuito para los asistentes.<\/p>\n<p><\/p>\n","protected":false},"excerpt":{"rendered":"<p>El presidente del Instituto Promotor de Ferias de Yucat\u00e1n (IPFY), Juan Jos\u00e9 Abraham Achach, dio a conocer que este 26 de octubre abrir\u00e1 sus puertas el<\/p>\n","protected":false},"author":1018,"featured_media":0,"comment_status":"open","ping_status":"open","sticky":false,"template":"","format":"standard","meta":{"tdm_status":"","tdm_grid_status":"","footnotes":""},"categories":[21],"tags":[],"_links":{"self":[{"href":"https:\/\/dralvarez.com.mx\/larevista\/wp-json\/wp\/v2\/posts\/58804"}],"collection":[{"href":"https:\/\/dralvarez.com.mx\/larevista\/wp-json\/wp\/v2\/posts"}],"about":[{"href":"https:\/\/dralvarez.com.mx\/larevista\/wp-json\/wp\/v2\/types\/post"}],"author":[{"embeddable":true,"href":"https:\/\/dralvarez.com.mx\/larevista\/wp-json\/wp\/v2\/users\/1018"}],"replies":[{"embeddable":true,"href":"https:\/\/dralvarez.com.mx\/larevista\/wp-json\/wp\/v2\/comments?post=58804"}],"version-history":[{"count":0,"href":"https:\/\/dralvarez.com.mx\/larevista\/wp-json\/wp\/v2\/posts\/58804\/revisions"}],"wp:attachment":[{"href":"https:\/\/dralvarez.com.mx\/larevista\/wp-json\/wp\/v2\/media?parent=58804"}],"wp:term":[{"taxonomy":"category","embeddable":true,"href":"https:\/\/dralvarez.com.mx\/larevista\/wp-json\/wp\/v2\/categories?post=58804"},{"taxonomy":"post_tag","embeddable":true,"href":"https:\/\/dralvarez.com.mx\/larevista\/wp-json\/wp\/v2\/tags?post=58804"}],"curies":[{"name":"wp","href":"https:\/\/api.w.org\/{rel}","templated":true}]}}