{"id":58803,"date":"2017-10-09T00:00:00","date_gmt":"2017-10-09T06:00:00","guid":{"rendered":"https:\/\/dralvarez.com.mx\/larevista\/blog\/oportunidad-para-que-universitarios-mejoren-su-capacidad-de-litigar-oralmente-18407"},"modified":"2017-10-09T00:00:00","modified_gmt":"2017-10-09T06:00:00","slug":"oportunidad-para-que-universitarios-mejoren-su-capacidad-de-litigar-oralmente-18407","status":"publish","type":"post","link":"https:\/\/dralvarez.com.mx\/larevista\/yucatan\/oportunidad-para-que-universitarios-mejoren-su-capacidad-de-litigar-oralmente-18407","title":{"rendered":"Oportunidad para que universitarios mejoren su capacidad de litigar oralmente"},"content":{"rendered":"<\/p>\n<p>M\u00e9rida, Yucat\u00e1n; 9 de octubre de 2017 (ACOM).- Con el objetivo de incrementar las capacidades y mejores pr\u00e1cticas jur\u00eddicas entre los estudiantes universitarios, el Poder Judicial del Estado dio a conocer la VII edici\u00f3n de la Competencia de Litigaci\u00f3n Oral Universitaria.<\/p>\n<p>Marcos Celis Quintal, presidente del Tribunal Superior de Justicia y Ricardo \u00c1vila Heredia, Magistrado del \u00c1rea Penal del Poder Judicial, dieron a conocer los pormenores de este evento que aglutinar\u00e1 a 22 instituciones de nivel superior de Yucat\u00e1n, inscritos para este certamen.<\/p>\n<p>En su caso, Celis Quintal se\u00f1al\u00f3 que Yucat\u00e1n es pionero en este tipo de actividades, ya que ha sido de los primeros estados en realizar encuentros y debates entre estudiantes universitarios, aplicando los cambios establecidos en los nuevos juicios orales y las pr\u00e1cticas para los abogados.<\/p>\n<p>Expres\u00f3 que el trabajo de los j\u00f3venes estudiantes de la carrera de Derecho ha sido satisfactoria, al acudir a cert\u00e1menes nacionales, incluso internacionales con gran \u00e9xito y demostrando sus capacidades ante los nuevos requerimientos del marco jur\u00eddico.<\/p>\n<p>Por su parte, \u00c1vila Heredia expuso que a esta VII competencia han confirmado su asistencia 22 universidades, que han inscrito sus equipos de 5 alumnos, que contar\u00e1n adem\u00e1s con asesores y grupos de apoyo estudiantil. La competencia se realizar\u00e1 del 12 al 14 de octubre y ser\u00e1 sancionado por jueces y candidatos a jueves que dar\u00e1n como resultado a un ganador.<\/p>\n<p>La premiaci\u00f3n ser\u00e1 para los tres primeros lugares, con apoyos en efectivo de 15 mil, 7 mil 500 y 2 mil 500, respectivamente, pero la importancia de esta competencia, expuso es dotar a los j\u00f3venes estudiantes de las herramientas para confrontar sus aptitudes, valores, pensamiento y conocimientos en materia judicial.<\/p>\n<p>Argument\u00f3 que la competencia se establecer\u00e1 en base condiciones establecidas en una convocatoria previa, donde se ha entregado un caso integrado por los propios jueces y que los estudiantes deber\u00e1n presentar, desde su primer acto judicial, hasta el \u00faltimo paso, con el ofrecimiento de pruebas y la selecci\u00f3n de sus materiales, argumentos, pensamiento filos\u00f3fico y argumentativo en base a la tarea asignada para la el desarrollo del acto judicial.<\/p>\n<p>Se\u00f1al\u00f3 que este evento ser\u00e1 p\u00fablico, y se han inscrito equipos de las siguientes universidades: Modelo, Mesoamericana, Felipe Carrillo Puerto, Uady, Marista, CTM; Unisur, Hispano, Latino, Vizcaya, Interamericana, entre otros, se\u00f1al\u00f3.<\/p>\n<p><\/p>\n","protected":false},"excerpt":{"rendered":"<p>El Poder Judicial lanz\u00f3 convocatoria para aplicar los cambios en los juicios orales.<\/p>\n","protected":false},"author":1018,"featured_media":0,"comment_status":"open","ping_status":"open","sticky":false,"template":"","format":"standard","meta":{"tdm_status":"","tdm_grid_status":"","footnotes":""},"categories":[21],"tags":[],"_links":{"self":[{"href":"https:\/\/dralvarez.com.mx\/larevista\/wp-json\/wp\/v2\/posts\/58803"}],"collection":[{"href":"https:\/\/dralvarez.com.mx\/larevista\/wp-json\/wp\/v2\/posts"}],"about":[{"href":"https:\/\/dralvarez.com.mx\/larevista\/wp-json\/wp\/v2\/types\/post"}],"author":[{"embeddable":true,"href":"https:\/\/dralvarez.com.mx\/larevista\/wp-json\/wp\/v2\/users\/1018"}],"replies":[{"embeddable":true,"href":"https:\/\/dralvarez.com.mx\/larevista\/wp-json\/wp\/v2\/comments?post=58803"}],"version-history":[{"count":0,"href":"https:\/\/dralvarez.com.mx\/larevista\/wp-json\/wp\/v2\/posts\/58803\/revisions"}],"wp:attachment":[{"href":"https:\/\/dralvarez.com.mx\/larevista\/wp-json\/wp\/v2\/media?parent=58803"}],"wp:term":[{"taxonomy":"category","embeddable":true,"href":"https:\/\/dralvarez.com.mx\/larevista\/wp-json\/wp\/v2\/categories?post=58803"},{"taxonomy":"post_tag","embeddable":true,"href":"https:\/\/dralvarez.com.mx\/larevista\/wp-json\/wp\/v2\/tags?post=58803"}],"curies":[{"name":"wp","href":"https:\/\/api.w.org\/{rel}","templated":true}]}}