{"id":58802,"date":"2017-10-09T00:00:00","date_gmt":"2017-10-09T06:00:00","guid":{"rendered":"https:\/\/dralvarez.com.mx\/larevista\/blog\/lamentan-panistas-decision-personal-de-margarita-zavala-18406"},"modified":"2017-10-09T00:00:00","modified_gmt":"2017-10-09T06:00:00","slug":"lamentan-panistas-decision-personal-de-margarita-zavala-18406","status":"publish","type":"post","link":"https:\/\/dralvarez.com.mx\/larevista\/yucatan\/lamentan-panistas-decision-personal-de-margarita-zavala-18406","title":{"rendered":"Lamentan panistas decisi\u00f3n personal de Margarita Zavala"},"content":{"rendered":"<\/p>\n<div>\n<div>\n<div>\n<div>\n<div>\n<p>M\u00e9rida, Yucat\u00e1n; 9 de octubre de 2017 (ACOM).- En opini\u00f3n de panistas y ex panistas yucatecos, la determinaci\u00f3n personal de Margarita Zavala de renunciar a su partido para buscar una candidatura ciudadana es lamentable.<\/p>\n<p>Tanto la dos veces alcaldesa de M\u00e9rida y ex militante de Acci\u00f3n Nacional,  Ana Rosa Pay\u00e1n, como los aspirantes a la gubernatura de Yucat\u00e1n y alcald\u00eda de M\u00e9rida por ese partido, Ren\u00e1n Barrera Concha y Mauricio D\u00edaz Montalvo coincidieron en establecer que fue una decisi\u00f3n personal y que no fracturar\u00e1 a los panistas locales.<\/p>\n<p>Pay\u00e1n Cervera se\u00f1al\u00f3 que la determinaci\u00f3n de Margarita Zavala pone en un aprieto al l\u00edder de ese partido pol\u00edtico Ricardo Anaya, porque exige una mayor transparencia en las condiciones del juego pol\u00edtico que derivar\u00e1 en la postulaci\u00f3n a la candidatura presidencial de 2018.<\/p>\n<p>Es lamentable, dijo, porque el matrimonio Calder\u00f3n est\u00e1 acostumbrado a tener una parte del poder dentro del PAN, esto puede ocasionar una fisura, \u201cpero los panistas no apostar\u00e1n por un candidato ciudadano\u201d.<\/p>\n<p>\u201cMargarita Zavala debi\u00f3 sopesar la determinaci\u00f3n de salirse del PAN, creo que no fue acertada, por ello es lamentable, tambi\u00e9n su salida marcar\u00e1 una pauta para el Frente Ciudadano que est\u00e1 buscando la salida definitiva del PRI del gobierno y que otra fuerza pol\u00edtica no se adue\u00f1e del poder. Pero es necesario decir que esto fortalece a los enemigos del PAN\u201d, argument\u00f3.<\/p>\n<p>Por su parte, Ren\u00e1n Barrera, integrante del CEN Panista y aspirante al gobierno de Yucat\u00e1n, recalc\u00f3 que la posici\u00f3n y determinaci\u00f3n de Zavala solo afecta a los que hab\u00edan pensado que era una posibilidad, en este momento no tenemos un candidato, dijo, estamos integrando las posiciones para que el Frente avance y no hay candidatos definidos.<\/p>\n<p>\u201cDe esta manera, la decisi\u00f3n del matrimonio Calder\u00f3n es precipitada y si bien, puede afectar al PAN, es determinante que definan cu\u00e1l ser\u00e1 su camino, porque ya no podr\u00e1n estar dentro de Acci\u00f3n Nacional. De manera personal lo lamento, pero ser\u00e1 el Comit\u00e9 Ejecutivo Nacional quien emita una opini\u00f3n sobre este aspecto\u201d, recalc\u00f3.<\/p>\n<p>A su vez, Mauricio D\u00edaz Montalvo argument\u00f3 que el Calderonismo es una corriente fuerte entre los panistas en M\u00e9rida; sin embargo, recalc\u00f3, su salida no ser\u00e1 de impacto en Yucat\u00e1n. Los yucatecos estamos en pos de un cambio en el gobierno estatal y vamos a regresar al gobierno del estado para renovar las condiciones de aspectos econ\u00f3micos, sociales que se han perdido con estos gobiernos pri\u00edstas.<\/p>\n<p>D\u00edaz Montalvo recalc\u00f3 que es lamentable que se presenten estos incidentes entre los panistas, porque la ideolog\u00eda partidista establece cauces y mecanismos para quienes se inconformen y se sienten marginados, en lugar de buscar una ruptura, eso habla de aspectos que son necesariamente personales sino de una visi\u00f3n de partido y de las necesidades que requiere el pa\u00eds en su conjunto.<\/p>\n<\/div>\n<div><\/div>\n<\/div>\n<\/div>\n<div>\n<div><\/div>\n<div><\/div>\n<div><\/div>\n<div>\n<div><\/div>\n<\/div>\n<\/div>\n<div><\/div>\n<\/div>\n<div><\/div>\n<\/div>\n<div>\n<div>\n<div><\/p>\n<\/div>\n<\/div>\n<\/div>\n<p><\/p>\n","protected":false},"excerpt":{"rendered":"<p>Ex militantes de PAN tambi\u00e9n fueron sorprendidos con la ruptura.<\/p>\n","protected":false},"author":1018,"featured_media":0,"comment_status":"open","ping_status":"open","sticky":false,"template":"","format":"standard","meta":{"tdm_status":"","tdm_grid_status":"","footnotes":""},"categories":[21],"tags":[],"_links":{"self":[{"href":"https:\/\/dralvarez.com.mx\/larevista\/wp-json\/wp\/v2\/posts\/58802"}],"collection":[{"href":"https:\/\/dralvarez.com.mx\/larevista\/wp-json\/wp\/v2\/posts"}],"about":[{"href":"https:\/\/dralvarez.com.mx\/larevista\/wp-json\/wp\/v2\/types\/post"}],"author":[{"embeddable":true,"href":"https:\/\/dralvarez.com.mx\/larevista\/wp-json\/wp\/v2\/users\/1018"}],"replies":[{"embeddable":true,"href":"https:\/\/dralvarez.com.mx\/larevista\/wp-json\/wp\/v2\/comments?post=58802"}],"version-history":[{"count":0,"href":"https:\/\/dralvarez.com.mx\/larevista\/wp-json\/wp\/v2\/posts\/58802\/revisions"}],"wp:attachment":[{"href":"https:\/\/dralvarez.com.mx\/larevista\/wp-json\/wp\/v2\/media?parent=58802"}],"wp:term":[{"taxonomy":"category","embeddable":true,"href":"https:\/\/dralvarez.com.mx\/larevista\/wp-json\/wp\/v2\/categories?post=58802"},{"taxonomy":"post_tag","embeddable":true,"href":"https:\/\/dralvarez.com.mx\/larevista\/wp-json\/wp\/v2\/tags?post=58802"}],"curies":[{"name":"wp","href":"https:\/\/api.w.org\/{rel}","templated":true}]}}