{"id":58801,"date":"2017-10-09T00:00:00","date_gmt":"2017-10-09T06:00:00","guid":{"rendered":"https:\/\/dralvarez.com.mx\/larevista\/blog\/resaltan-importancia-de-la-preservacion-del-patrimonio-cultural-de-mexico-18405"},"modified":"2017-10-09T00:00:00","modified_gmt":"2017-10-09T06:00:00","slug":"resaltan-importancia-de-la-preservacion-del-patrimonio-cultural-de-mexico-18405","status":"publish","type":"post","link":"https:\/\/dralvarez.com.mx\/larevista\/yucatan\/resaltan-importancia-de-la-preservacion-del-patrimonio-cultural-de-mexico-18405","title":{"rendered":"Resaltan importancia de la preservaci\u00f3n del patrimonio cultural de M\u00e9xico"},"content":{"rendered":"<\/p>\n<p>M\u00e9rida, Yucat\u00e1n; 9 de octubre de 2017 (ACOM).- El Patrimonio Cultural no debe pasar desapercibido, debe de ser un producto que se mantenga entre los aspectos diarios del quehacer del ciudadano, en su discusi\u00f3n, preservaci\u00f3n, conocimiento, pero sobre todo, como una fuente alimentadora de nuestro valor como persona, asegur\u00f3 Eduardo L\u00f3pez Calzada, delegado del Instituto Nacional de Antropolog\u00eda e Historia  (INAH).<\/p>\n<p>Al asistir a la apertura del primer Congreso Interdisciplinario del Sureste, Intersur, \u201cPasado, presente y futuro del Patrimonio Cultural&#8221;,  organizado por la Faculta de Antropolog\u00eda de la Universidad Aut\u00f3noma de Yucat\u00e1n, el funcionario explic\u00f3 que las condiciones actuales del patrimonio hist\u00f3rico es complicado ante la urgencia y necesidades de la sociedad, que dejan a un lado los valores intr\u00ednsecos de sus ra\u00edces e identidad por argumentos que podr\u00edan ser prioritarios, como es el d\u00eda a d\u00eda por la subsistencia.<\/p>\n<p>A este respecto, Rosa Elena Cruz Pech, Consejera Alumna de la Facultad de Antropolog\u00eda y organizadora de este evento se\u00f1al\u00f3 que, &#8220;hoy en d\u00eda la sociedad tiene muchas m\u00e1s preocupaciones que pensar en aspectos culturales, para una parte de la sociedad est\u00e1 bien demoler edificios antiguos o viejos, para otros se deben de preservar, para los estudiantes de historia, son valiosos, para muchos m\u00e1s, son tiempo perdido\u201d.<\/p>\n<p>Por ello es este evento, expuso, el congreso Intersur lleva como prop\u00f3sito establecer un debate abierto sobre quehacer con el patrimonio hist\u00f3rico, que debemos hacer y c\u00f3mo actuar ante las condiciones en las que se encuentra.<u><\/u><u><\/u><\/p>\n<p>En este evento se presentar\u00e1n unas 100 ponencias, pero tambi\u00e9n 5 conferencias importantes, con especialistas e investigadores de distintas instituciones \u201cque permitir\u00e1 poner en la mesa la situaci\u00f3n actual de nuestro patrimonio, el potencial del mismo y de alguna manera las condiciones para cuidarlo o definitivamente abandonarlo a su p\u00e9rdida total\u201d.<u><\/u><u><\/u><\/p>\n<p>Este congreso es abierto a todas las personas, no solo a los estudiantes de la carrera de Antropolog\u00eda e Historia, Arqueolog\u00eda y ramas cercanas, sino a todos los ciudadanos que buscan la protecci\u00f3n, el cuidado y la preservaci\u00f3n y conservaci\u00f3n de nuestro patrimonio para las siguientes generaciones.<\/p>\n<p>Durante una semana, en distintas sedes, tanto la Universidad Aut\u00f3noma de Yucat\u00e1n  en sus distintas facultades de Ciencias Sociales, como en otros espacios se ofrecer\u00e1n las ponencias, la discusi\u00f3n es abierta y la posibilidad es que sea tan amplio como se considere, porque la necesidad es discutir sobre este aspecto y el valor fundamental es que la sociedad opine sobre cu\u00e1l ser\u00e1 el camino a seguir para ampliar el marco de protecci\u00f3n y ciudadano de nuestro patrimonio cultural.<\/p>\n<p><\/p>\n","protected":false},"excerpt":{"rendered":"<p>Especialista habla de la identidad que nos da el acervo cultural a los ciudadanos.<\/p>\n","protected":false},"author":1018,"featured_media":0,"comment_status":"open","ping_status":"open","sticky":false,"template":"","format":"standard","meta":{"tdm_status":"","tdm_grid_status":"","footnotes":""},"categories":[21],"tags":[],"_links":{"self":[{"href":"https:\/\/dralvarez.com.mx\/larevista\/wp-json\/wp\/v2\/posts\/58801"}],"collection":[{"href":"https:\/\/dralvarez.com.mx\/larevista\/wp-json\/wp\/v2\/posts"}],"about":[{"href":"https:\/\/dralvarez.com.mx\/larevista\/wp-json\/wp\/v2\/types\/post"}],"author":[{"embeddable":true,"href":"https:\/\/dralvarez.com.mx\/larevista\/wp-json\/wp\/v2\/users\/1018"}],"replies":[{"embeddable":true,"href":"https:\/\/dralvarez.com.mx\/larevista\/wp-json\/wp\/v2\/comments?post=58801"}],"version-history":[{"count":0,"href":"https:\/\/dralvarez.com.mx\/larevista\/wp-json\/wp\/v2\/posts\/58801\/revisions"}],"wp:attachment":[{"href":"https:\/\/dralvarez.com.mx\/larevista\/wp-json\/wp\/v2\/media?parent=58801"}],"wp:term":[{"taxonomy":"category","embeddable":true,"href":"https:\/\/dralvarez.com.mx\/larevista\/wp-json\/wp\/v2\/categories?post=58801"},{"taxonomy":"post_tag","embeddable":true,"href":"https:\/\/dralvarez.com.mx\/larevista\/wp-json\/wp\/v2\/tags?post=58801"}],"curies":[{"name":"wp","href":"https:\/\/api.w.org\/{rel}","templated":true}]}}