{"id":58781,"date":"2017-10-09T00:00:00","date_gmt":"2017-10-09T06:00:00","guid":{"rendered":"https:\/\/dralvarez.com.mx\/larevista\/blog\/el-consejo-de-la-judicatura-del-estado-organo-de-gestion-judicial-que-trabaja-para-los-ciudadanos-18385"},"modified":"2017-10-09T00:00:00","modified_gmt":"2017-10-09T06:00:00","slug":"el-consejo-de-la-judicatura-del-estado-organo-de-gestion-judicial-que-trabaja-para-los-ciudadanos-18385","status":"publish","type":"post","link":"https:\/\/dralvarez.com.mx\/larevista\/yucatan\/el-consejo-de-la-judicatura-del-estado-organo-de-gestion-judicial-que-trabaja-para-los-ciudadanos-18385","title":{"rendered":"El Consejo de la Judicatura del Estado, \u00f3rgano de gesti\u00f3n judicial que trabaja para los ciudadanos"},"content":{"rendered":"<\/p>\n<div>En el marco de la Semana Nacional de Transparencia en las Entidades Federativas organizada por la casa de la Cultura Jur\u00eddica de la Suprema Corte de Justicia de la Naci\u00f3n, el Consejero Parra Arceo present\u00f3 el tema \u201cGesti\u00f3n judicial y calidad de justicia\u201d en el que record\u00f3 una de las grandes reformas a la Constituci\u00f3n que dio origen, en 1995, al Consejo de la Judicatura Federal, con lo cual en M\u00e9xico naci\u00f3 la Gesti\u00f3n Judicial.<\/div>\n<div>&nbsp;<\/div>\n<div>Afirm\u00f3 que debido a esa gran reforma constitucional, desde 2010 en Yucat\u00e1n se instaur\u00f3 el Consejo de la Judicatura como un \u00f3rgano de gobierno del Poder Judicial del Estado, con el encargo de asumir la gesti\u00f3n judicial, es decir, todas las acciones de de car\u00e1cter administrativo que no est\u00e1n reservadas al Tribunal Superior de Justicia.<\/div>\n<div>&nbsp;<\/div>\n<div>El sistema judicial necesitaba cambiar y la v\u00eda fue la gesti\u00f3n Judicial, en donde el Consejo de la Judicatura no interviene en la jurisdicci\u00f3n, ya que esa es tarea de los jueces y magistrados, se\u00f1al\u00f3.<\/div>\n<div><\/div>\n<div>Parra Arceo mencion\u00f3 que parte fundamental de esta gesti\u00f3n es el Programa  operativo anual del Consejo de la Judicatura, en el que se desglosa la distribuci\u00f3n de recursos. Adem\u00e1s, para gestionar dichos recursos, se desarroll\u00f3 una plataforma administrada por una Unidad de Planeaci\u00f3n, en la que se concentran los objetivos de cada departamento para hacer un seguimiento de avances cada tres meses y de forma anual.<\/div>\n<div>&nbsp;<\/div>\n<div>A\u00f1adi\u00f3 que como parte de esta misma gesti\u00f3n judicial se implementaron medidas de control interno de car\u00e1cter administrativo como la elaboraci\u00f3n de manuales de organizaci\u00f3n, de c\u00e9dulas de perfil de puestos, de procedimientos administrativos, reformas al c\u00f3digo de \u00e9tica, la integraci\u00f3n del Comit\u00e9 de \u00c9tica y los lineamientos para su funcionamiento.<\/div>\n<div>&nbsp;<\/div>\n<div>Tambi\u00e9n abord\u00f3 el plan estrat\u00e9gico del Poder Judicial que es la gu\u00eda para preparar planes operativos anuales para cada una de las unidades que conforman la instituci\u00f3n, en ella se desglosa la misi\u00f3n, visi\u00f3n,  y principios, as\u00ed como el establecimiento de los objetivos estrat\u00e9gicos, el an\u00e1lisis de Fortalezas, Oportunidades, Debilidades y Amenazas (FODA) y el desarrollo de objetivos estrat\u00e9gicos por l\u00edneas de acci\u00f3n, metas espec\u00edficas  y responsables.<\/div>\n<div>&nbsp;<\/div>\n<div>Explic\u00f3 que se crearon organismos especializados para la gesti\u00f3n judicial como la Unidad de Psicolog\u00eda  y la Unidad de Atenci\u00f3n a la violencia de g\u00e9nero, as\u00ed tambi\u00e9n se ampliaron los horarios y se abrieron nuevos juzgados familiares, basados en el an\u00e1lisis de la demanda.  Se refiri\u00f3 a la consolidaci\u00f3n del sistema de justicia penal, la mejora en redes e inform\u00e1tica, as\u00ed como la labor de la escuela judicial.<\/div>\n<p><\/p>\n","protected":false},"excerpt":{"rendered":"<p>El Consejo de la Judicatura, como \u00f3rgano administrativo del Poder Judicial del Estado de Yucat\u00e1n, cumple con el mandato constitucional de llevar cabo<\/p>\n","protected":false},"author":1018,"featured_media":0,"comment_status":"open","ping_status":"open","sticky":false,"template":"","format":"standard","meta":{"tdm_status":"","tdm_grid_status":"","footnotes":""},"categories":[21],"tags":[],"_links":{"self":[{"href":"https:\/\/dralvarez.com.mx\/larevista\/wp-json\/wp\/v2\/posts\/58781"}],"collection":[{"href":"https:\/\/dralvarez.com.mx\/larevista\/wp-json\/wp\/v2\/posts"}],"about":[{"href":"https:\/\/dralvarez.com.mx\/larevista\/wp-json\/wp\/v2\/types\/post"}],"author":[{"embeddable":true,"href":"https:\/\/dralvarez.com.mx\/larevista\/wp-json\/wp\/v2\/users\/1018"}],"replies":[{"embeddable":true,"href":"https:\/\/dralvarez.com.mx\/larevista\/wp-json\/wp\/v2\/comments?post=58781"}],"version-history":[{"count":0,"href":"https:\/\/dralvarez.com.mx\/larevista\/wp-json\/wp\/v2\/posts\/58781\/revisions"}],"wp:attachment":[{"href":"https:\/\/dralvarez.com.mx\/larevista\/wp-json\/wp\/v2\/media?parent=58781"}],"wp:term":[{"taxonomy":"category","embeddable":true,"href":"https:\/\/dralvarez.com.mx\/larevista\/wp-json\/wp\/v2\/categories?post=58781"},{"taxonomy":"post_tag","embeddable":true,"href":"https:\/\/dralvarez.com.mx\/larevista\/wp-json\/wp\/v2\/tags?post=58781"}],"curies":[{"name":"wp","href":"https:\/\/api.w.org\/{rel}","templated":true}]}}