{"id":58773,"date":"2017-10-09T00:00:00","date_gmt":"2017-10-09T06:00:00","guid":{"rendered":"https:\/\/dralvarez.com.mx\/larevista\/blog\/mauricio-diaz-montalvo-anuncia-que-buscara-la-candidatura-a-la-alcaldia-de-merida-18377"},"modified":"2017-10-09T00:00:00","modified_gmt":"2017-10-09T06:00:00","slug":"mauricio-diaz-montalvo-anuncia-que-buscara-la-candidatura-a-la-alcaldia-de-merida-18377","status":"publish","type":"post","link":"https:\/\/dralvarez.com.mx\/larevista\/yucatan\/mauricio-diaz-montalvo-anuncia-que-buscara-la-candidatura-a-la-alcaldia-de-merida-18377","title":{"rendered":"Mauricio D\u00edaz Montalvo anuncia que buscar\u00e1 la candidatura a la alcald\u00eda de M\u00e9rida"},"content":{"rendered":"<\/p>\n<div>\n<div>\n<div>\n<div>\n<p>-Comunico a todos que es mi deseo competir por la candidatura a la alcald\u00eda de M\u00e9rida \u2013expresa el concejal.<\/p>\n<p>Por ahora, indic\u00f3, no podemos hablar de propuestas concretas porque las leyes electorales no nos lo permiten, pero estoy preparado y listo para el cargo y hacer que Me\u0301rida siga avanzando.<\/p>\n<p>Recalc\u00f3 que en estos momentos desconoce cu\u00e1l ser\u00e1 el m\u00e9todo de selecci\u00f3n del candidato y agreg\u00f3 que por ello es importante que los dirigentes del PAN sepan que cuentan con una carta m\u00e1s.<\/p>\n<p>-Gustosos, con alegr\u00eda y con pleno respeto a las leyes electorales, vamos a participar en el proceso interno de selecci\u00f3n de candidatos que mi partido determine -indic\u00f3.<\/p>\n<p>Dijo que es importante que panistas y meridanos tengan diversas opciones, pues s\u00f3lo as\u00ed tendr\u00e1n la posibilidad de elegir y decidir sobre cu\u00e1l ser\u00eda la mejor, para el bien de los ciudadanos y para el bien de M\u00e9rida.<\/p>\n<p>En estos dos a\u00f1os que llevamos de gobierno, expres\u00f3, hemos trabajado intensamente a favor de los meridanos y jam\u00e1s me hab\u00eda manifestado en este sentido como lo hago ahora que, me parece, es el momento adecuado.<\/p>\n<p>\u201cMi trabajo como regidor me ha dado la oportunidad de conocer a fondo todo lo relacionado con la administraci\u00f3n p\u00fablica municipal, los problemas m\u00e1s importantes que afectan a nuestra ciudad, las expectativas de los ciudadanos y sobre todo tener una visi\u00f3n clara acerca de lo que tendr\u00edamos que hacer para dar continuidad a lo que se est\u00e1 haciendo bien y para innovar pensando en una ciudad vanguardista\u201d, expuso.<\/p>\n<p>Indic\u00f3 que su decisi\u00f3n de participar para obtener la candidatura a la alcald\u00eda es porque le apasiona la ciudad, y le motiva mucho poder planear y ejecutar pol\u00edticas p\u00fablicas dirigidas a la gente. \u201cMe encanta la idea de modernizar Me\u0301rida y sobretodo pensar que llegaremos juntos sociedad y gobierno, a decidir lo que sea mejor para la ciudad\u201d, se\u00f1al\u00f3.<\/p>\n<p>\u201cPor lo pronto, seguir\u00e9 trabajando con la misma intensidad como lo he hecho a lo largo de los dos a\u00f1os que han pasado en la actual gesti\u00f3n, y como marca la ley electoral, en su momento solicitar\u00e9 la licencia correspondiente para poder competir en el proceso interno que mi Partido determine\u201d, concluy\u00f3.<\/p>\n<\/div>\n<\/div>\n<div><\/div>\n<\/div>\n<\/div>\n<div><\/p>\n<\/div>\n<p><\/p>\n","protected":false},"excerpt":{"rendered":"<p>El regidor Mauricio D\u00edaz comunica a los meridanos, a los panistas y a sus dirigentes, que ha tomado la decisi\u00f3n de participar en el proceso, cualquier<\/p>\n","protected":false},"author":1018,"featured_media":0,"comment_status":"open","ping_status":"open","sticky":false,"template":"","format":"standard","meta":{"tdm_status":"","tdm_grid_status":"","footnotes":""},"categories":[21],"tags":[],"_links":{"self":[{"href":"https:\/\/dralvarez.com.mx\/larevista\/wp-json\/wp\/v2\/posts\/58773"}],"collection":[{"href":"https:\/\/dralvarez.com.mx\/larevista\/wp-json\/wp\/v2\/posts"}],"about":[{"href":"https:\/\/dralvarez.com.mx\/larevista\/wp-json\/wp\/v2\/types\/post"}],"author":[{"embeddable":true,"href":"https:\/\/dralvarez.com.mx\/larevista\/wp-json\/wp\/v2\/users\/1018"}],"replies":[{"embeddable":true,"href":"https:\/\/dralvarez.com.mx\/larevista\/wp-json\/wp\/v2\/comments?post=58773"}],"version-history":[{"count":0,"href":"https:\/\/dralvarez.com.mx\/larevista\/wp-json\/wp\/v2\/posts\/58773\/revisions"}],"wp:attachment":[{"href":"https:\/\/dralvarez.com.mx\/larevista\/wp-json\/wp\/v2\/media?parent=58773"}],"wp:term":[{"taxonomy":"category","embeddable":true,"href":"https:\/\/dralvarez.com.mx\/larevista\/wp-json\/wp\/v2\/categories?post=58773"},{"taxonomy":"post_tag","embeddable":true,"href":"https:\/\/dralvarez.com.mx\/larevista\/wp-json\/wp\/v2\/tags?post=58773"}],"curies":[{"name":"wp","href":"https:\/\/api.w.org\/{rel}","templated":true}]}}