{"id":58767,"date":"2017-10-09T00:00:00","date_gmt":"2017-10-09T06:00:00","guid":{"rendered":"https:\/\/dralvarez.com.mx\/larevista\/blog\/con-gran-exito-inicia-el-programa-impulsando-mi-negocio-que-encabeza-el-delegado-del-trabajo-ricardo-bejar-18371"},"modified":"2017-10-09T00:00:00","modified_gmt":"2017-10-09T06:00:00","slug":"con-gran-exito-inicia-el-programa-impulsando-mi-negocio-que-encabeza-el-delegado-del-trabajo-ricardo-bejar-18371","status":"publish","type":"post","link":"https:\/\/dralvarez.com.mx\/larevista\/yucatan\/con-gran-exito-inicia-el-programa-impulsando-mi-negocio-que-encabeza-el-delegado-del-trabajo-ricardo-bejar-18371","title":{"rendered":"Con gran \u00e9xito inicia el programa \u201cImpulsando mi negocio\u201d que encabeza el delegado del trabajo Ricardo B\u00e9jar"},"content":{"rendered":"<\/p>\n<div>El tianguis de la colonia Francisco I. Madero fue sede del inicio del programa \u201cImpulsando mi Negocio\u201d que encabeza el Delegado del Trabajo Ricardo B\u00e9jar, dicho programa consiste en visitar los tianguis de la Ciudad de M\u00e9rida durante el mes de octubre se estar\u00e1n dando capacitaciones para fortalecer la productividad y la asesor\u00eda para formalizar sus negocios.<\/div>\n<div><\/div>\n<div>Acompa\u00f1ado del l\u00edder de los Tianguistas Mart\u00edn Vivas y dem\u00e1s colaboradores, Ricardo B\u00e9jar visito pues por puesto a los locatarios que se encontraban en el famoso tianguis de la Madero en donde les platico acerca del programa \u201cImpulsa tu Negocio\u201d y les hizo entrega de un Cd el cual contiene la informaci\u00f3n y pasos a seguir para tener una mejor organizaci\u00f3n dentro de su \u00e1rea productiva y las bases que requieren para poder formalizarse.<\/div>\n<div>&nbsp; <\/div>\n<div>La capacitaci\u00f3n y el asesoramiento son bases fundamentales para ir creciendo en las micro empresas, y es por ello que en la delegaci\u00f3n del Trabajo nos damos a la tarea de salir a recorrer los Tianguis, tienditas y puestos comerciales que se encuentran en la ciudad de M\u00e9rida para invitarlos a mejorar su productividad y con ello invitarlos a que se unan a la formalidad,  comento el Delegado del Trabajo Ricardo B\u00e9jar.<\/div>\n<p><\/p>\n","protected":false},"excerpt":{"rendered":"<p>El tianguis de la colonia Francisco I. Madero fue sede del inicio del programa \u201cImpulsando mi Negocio\u201d.<\/p>\n","protected":false},"author":1018,"featured_media":0,"comment_status":"open","ping_status":"open","sticky":false,"template":"","format":"standard","meta":{"tdm_status":"","tdm_grid_status":"","footnotes":""},"categories":[21],"tags":[],"_links":{"self":[{"href":"https:\/\/dralvarez.com.mx\/larevista\/wp-json\/wp\/v2\/posts\/58767"}],"collection":[{"href":"https:\/\/dralvarez.com.mx\/larevista\/wp-json\/wp\/v2\/posts"}],"about":[{"href":"https:\/\/dralvarez.com.mx\/larevista\/wp-json\/wp\/v2\/types\/post"}],"author":[{"embeddable":true,"href":"https:\/\/dralvarez.com.mx\/larevista\/wp-json\/wp\/v2\/users\/1018"}],"replies":[{"embeddable":true,"href":"https:\/\/dralvarez.com.mx\/larevista\/wp-json\/wp\/v2\/comments?post=58767"}],"version-history":[{"count":0,"href":"https:\/\/dralvarez.com.mx\/larevista\/wp-json\/wp\/v2\/posts\/58767\/revisions"}],"wp:attachment":[{"href":"https:\/\/dralvarez.com.mx\/larevista\/wp-json\/wp\/v2\/media?parent=58767"}],"wp:term":[{"taxonomy":"category","embeddable":true,"href":"https:\/\/dralvarez.com.mx\/larevista\/wp-json\/wp\/v2\/categories?post=58767"},{"taxonomy":"post_tag","embeddable":true,"href":"https:\/\/dralvarez.com.mx\/larevista\/wp-json\/wp\/v2\/tags?post=58767"}],"curies":[{"name":"wp","href":"https:\/\/api.w.org\/{rel}","templated":true}]}}