{"id":58764,"date":"2017-10-09T00:00:00","date_gmt":"2017-10-09T06:00:00","guid":{"rendered":"https:\/\/dralvarez.com.mx\/larevista\/blog\/espacios-de-dialogo-y-participacion-para-la-juventud-yucateca-18368"},"modified":"2017-10-09T00:00:00","modified_gmt":"2017-10-09T06:00:00","slug":"espacios-de-dialogo-y-participacion-para-la-juventud-yucateca-18368","status":"publish","type":"post","link":"https:\/\/dralvarez.com.mx\/larevista\/yucatan\/espacios-de-dialogo-y-participacion-para-la-juventud-yucateca-18368","title":{"rendered":"Espacios de di\u00e1logo y participaci\u00f3n, para la juventud yucateca"},"content":{"rendered":"<\/p>\n<p>\u201cEste es un canal de comunicaci\u00f3n para que sean tomados en cuenta en diversos asuntos que mueven a todo Yucat\u00e1n y, por eso, es indispensable que este foro sea abierto para expresar nuestras inquietudes a quienes, tanto aqu\u00ed en lo local como en lo nacional, nos representan como servidores p\u00fablicos\u201d, expres\u00f3 el titular de la Secretar\u00eda de la Juventud (Sejuve) y presidente de dicho organismo, Luis Enrique Borjas Romero.<\/p>\n<p>Los participantes expresaron sus inquietudes al presidente de la Mesa Directiva de la C\u00e1mara de Diputados, Jorge Carlos Ram\u00edrez Mar\u00edn, quien asisti\u00f3 a invitaci\u00f3n del Organismo y coincidieron en la urgencia de contar con una Ley de Juventud en M\u00e9xico.<\/p>\n<p>Por su parte, el funcionario reconoci\u00f3 la acertada decisi\u00f3n del Gobernador Rolando Zapata Bello de crear el Consejo, pues en un a\u00f1o, adem\u00e1s de fortalecer la participaci\u00f3n social de este segmento de la poblaci\u00f3n, se ha aportado en temas como salud, econom\u00eda y educaci\u00f3n.<\/p>\n<p>\u201cTenemos que buscar el acuerdo entre tres iniciativas que para la Ley de Juventud se han presentado en la C\u00e1mara. Me llevo la tarea y la expresi\u00f3n de que aqu\u00ed, en mi estado, como en muchos otros, quienes ser\u00edan los beneficiarios de esa norma demandan con urgencia esa certeza\u201d, puntualiz\u00f3.<\/p>\n<p>De esta manera, representantes juveniles de diferentes c\u00e1maras empresariales, enlaces municipales de la Sejuve, l\u00edderes estudiantiles y de asociaciones civiles, manifestaron que en la entidad se da muestra del trabajo que debe prevalecer para apoyar a la juventud.<\/p>\n<p>\u201cEs un privilegio que aqu\u00ed, en Yucat\u00e1n, tengamos este Consejo, este espacio en el que podemos decir lo que sentimos, lo que nos preocupa, lo que no nos parece y lo que falta por hacer, no s\u00f3lo por quienes tienen entre 14 y 29 a\u00f1os sino por toda la sociedad. Creo que en pocos estados cuentan con esta oportunidad\u201d, manifest\u00f3 Reyes Adri\u00e1n Rodr\u00edguez Becerra, alumno de la Universidad de Oriente en Valladolid. <\/p>\n<p><\/p>\n","protected":false},"excerpt":{"rendered":"<p>Muchachas y muchachos, integrantes e invitados, se dieron cita en la plenaria del Consejo Estatal de la Juventud para dialogar sobre la importancia de<\/p>\n","protected":false},"author":1018,"featured_media":0,"comment_status":"open","ping_status":"open","sticky":false,"template":"","format":"standard","meta":{"tdm_status":"","tdm_grid_status":"","footnotes":""},"categories":[21],"tags":[],"_links":{"self":[{"href":"https:\/\/dralvarez.com.mx\/larevista\/wp-json\/wp\/v2\/posts\/58764"}],"collection":[{"href":"https:\/\/dralvarez.com.mx\/larevista\/wp-json\/wp\/v2\/posts"}],"about":[{"href":"https:\/\/dralvarez.com.mx\/larevista\/wp-json\/wp\/v2\/types\/post"}],"author":[{"embeddable":true,"href":"https:\/\/dralvarez.com.mx\/larevista\/wp-json\/wp\/v2\/users\/1018"}],"replies":[{"embeddable":true,"href":"https:\/\/dralvarez.com.mx\/larevista\/wp-json\/wp\/v2\/comments?post=58764"}],"version-history":[{"count":0,"href":"https:\/\/dralvarez.com.mx\/larevista\/wp-json\/wp\/v2\/posts\/58764\/revisions"}],"wp:attachment":[{"href":"https:\/\/dralvarez.com.mx\/larevista\/wp-json\/wp\/v2\/media?parent=58764"}],"wp:term":[{"taxonomy":"category","embeddable":true,"href":"https:\/\/dralvarez.com.mx\/larevista\/wp-json\/wp\/v2\/categories?post=58764"},{"taxonomy":"post_tag","embeddable":true,"href":"https:\/\/dralvarez.com.mx\/larevista\/wp-json\/wp\/v2\/tags?post=58764"}],"curies":[{"name":"wp","href":"https:\/\/api.w.org\/{rel}","templated":true}]}}