{"id":58760,"date":"2017-10-09T00:00:00","date_gmt":"2017-10-09T06:00:00","guid":{"rendered":"https:\/\/dralvarez.com.mx\/larevista\/blog\/sector-de-la-vivienda-motor-de-la-economia-en-yucatan-18363"},"modified":"2017-10-09T00:00:00","modified_gmt":"2017-10-09T06:00:00","slug":"sector-de-la-vivienda-motor-de-la-economia-en-yucatan-18363","status":"publish","type":"post","link":"https:\/\/dralvarez.com.mx\/larevista\/yucatan\/sector-de-la-vivienda-motor-de-la-economia-en-yucatan-18363","title":{"rendered":"Sector de la vivienda, motor de la econom\u00eda en Yucat\u00e1n"},"content":{"rendered":"<\/p>\n<div>\n<div>\n<p>El sector de la vivienda es uno de los motores de la din\u00e1mica econ\u00f3mica en Yucat\u00e1n, con una derrama anual de seis mil millones de pesos y que se refleja a trav\u00e9s de una variada oferta, una amplia demanda y la capacidad de la poblaci\u00f3n para adquirir las casas, afirm\u00f3 el Gobernador Rolando Zapata Bello.<\/p>\n<p>Al inaugurar la edici\u00f3n 13 de la Expo Vivienda Canadevi Yucat\u00e1n 2017, el mandatario estatal se\u00f1al\u00f3 que este rubro es tambi\u00e9n un elemento generador de bienestar ya que mejora las condiciones de una familia en su espacio esencial donde habita con sus seres queridos, por lo que resalt\u00f3 la importancia de seguir impulsando dicho ramo.<\/p>\n<p>\u201cMantener esta din\u00e1mica y de manera muy concreta seguir haciendo la parte que le corresponde al Estado: generar las condiciones en las tem\u00e1ticas de seguridad, de promoci\u00f3n a la inversi\u00f3n, de regulaci\u00f3n, de normatividad, de simplificaci\u00f3n administrativa; todas esas condiciones que est\u00e1n de nuestro lado de la cancha, para que ustedes sigan teniendo la certeza y el optimismo de que vale la pena invertir y hacer los movimientos necesarios para garantizar que en el futuro inmediato contin\u00fae la inversi\u00f3n\u201d, apunt\u00f3 ante empresarios del sector.<\/p>\n<p>Acompa\u00f1ado de los presidentes nacional y local de la C\u00e1mara Nacional de la Industria de Desarrollo y Promoci\u00f3n de la Vivienda (Conadevi), Carlos Guillermo Medina Rodr\u00edguez, y Armando Valencia Castillo, respectivamente, Zapata Bello record\u00f3 que, de acuerdo con el Consejo Nacional de Evaluaci\u00f3n de la Pol\u00edtica de Desarrollo Social (Coneval), los indicadores de la pobreza en el estado registran m\u00ednimos hist\u00f3ricos y el Producto Interno Bruto (PIB) reporta un crecimiento en lo que va del a\u00f1o de 6.2 por ciento, muy por arriba de la media nacional.<\/p>\n<p>Adem\u00e1s, la industria de la construcci\u00f3n, hasta este momento, ha tenido un \u00edndice al alza del 7.3 por ciento y la inmobiliaria se ubica en el cuarto sitio a nivel nacional, s\u00f3lo despu\u00e9s del Estado M\u00e9xico, Jalisco y la Ciudad de M\u00e9xico, \u201clo que quiere decir que vamos en la ruta correcta de generar crecimiento econ\u00f3mico y garantizar la justa distribuci\u00f3n de la riqueza\u201d, puntualiz\u00f3.<\/p>\n<p>\u201cHagamos votos para que este buen rumbo que juntos estamos construyendo y que los indicadores acreditan que Yucat\u00e1n va por buen camino, se mantenga vigorosamente este a\u00f1o que tenemos para trabajar conjuntamente y, por supuesto, se prolongue m\u00e1s all\u00e1 de esa fecha\u201d, asever\u00f3.<\/p>\n<p>La exhibici\u00f3n, que se desarrollar\u00e1 hasta este domingo en el Sal\u00f3n Chich\u00e9n Itz\u00e1 del Centro de Convenciones Yucat\u00e1n Siglo XXI, ofrece informaci\u00f3n sobre proveedores de construcci\u00f3n y art\u00edculos para el hogar, ecotecnolog\u00edas, pinturas, impermeabilizaci\u00f3n, productos financieros, muebles, maquinaria, urbanizaci\u00f3n y, por supuesto, hogares cuyos precios van desde los 285 mil hasta m\u00e1s de dos millones de pesos.<\/p>\n<p>Despu\u00e9s de inaugurar la muestra, el titular del Poder Ejecutivo recorri\u00f3 los m\u00e1s de cien m\u00f3dulos ocupados por cerca de 80 empresas. Asimismo, entreg\u00f3 a la dirigencia local de la Canadevi el documento que acredita la cesi\u00f3n en comodato de un espacio de mil 830 metros cuadrados que se ubica frente a las oficinas de la C\u00e1mara, en el Perif\u00e9rico norte de esta ciudad y que ser\u00e1 utilizado \u00fanica y exclusivamente como \u00e1rea verde.<\/p>\n<p>Por su parte, Medina Rodr\u00edguez resalt\u00f3 la presencia del Instituto del Fondo Nacional de la Vivienda para los Trabajadores (Infonavit) y del Fondo de la Vivienda del Instituto de Seguridad y Servicios (Fosvisste), que bridar\u00e1n asesor\u00edas a los derechohabientes acerca de la adquisici\u00f3n de cr\u00e9ditos para acceder a una casa.<\/p>\n<p><b><i>Discurso del Gobernador Rolando Zapata Bello<\/i><\/b><\/p>\n<p>Muchas gracias, muy buenos d\u00edas tengan todas y todos ustedes. Me da much\u00edsimo gusto saludar a nuestro presidente Nacional y local de la Canadevi, con un saludo fraterno y un reconocimiento por toda esa representaci\u00f3n tan importante para nuestro estado.<u><\/u><u><\/u><\/p>\n<p>Saludar, por supuesto, al presidente de la C\u00e1mara de Diputados, diputado Jorge Carlos Ram\u00edrez Mar\u00edn; distinguida senadora Ang\u00e9lica Araujo, muchas gracias; se\u00f1or presidente municipal, licenciado Mauricio Vila Dosal; estimado diputado Panchito Torres, muchas gracias; muchas gracias, se\u00f1or presidente del Consejo Coordinador Empresarial, Carlos Campos Achach.<u><\/u><u><\/u><\/p>\n<p>Amigos representantes de c\u00e1maras empresariales hermanas que se encuentran aqu\u00ed presentes, muchas gracias; Beatriz Lago, Bety, mucho gusto; todos los funcionarios de los diferentes \u00f3rganos de Gobierno que se encuentran aqu\u00ed presentes, y de manera muy particular, a los integrantes de esta C\u00e1mara tan importante para nuestro estado.<u><\/u><u><\/u><\/p>\n<p>Me siento muy contento de estar aqu\u00ed con ustedes, como he estado en cada una de las ediciones de \u00e9ste, que bien ha sido definido como el m\u00e1ximo escaparate de la vivienda, yo dir\u00eda pues no del estado, de la regi\u00f3n y m\u00e1s all\u00e1, \u00bfverdad? Y les digo que me siento contento porque, hace un rato, estaba pensando varias diferencias de cuando me toc\u00f3 venir en primera ocasi\u00f3n como Gobernador.<u><\/u><u><\/u><\/p>\n<p>La primera de ellas, se los comparto a manera muy personal, cuando vine en la primera ocasi\u00f3n, en octubre de 2012, estaba yo muy nervioso y no era para menos, ten\u00eda yo menos de 72 horas en el cargo de Gobernador, porque yo tom\u00e9 protesta el 1 de octubre y evento fue el tres, \u00e9l iba de despedida y yo iba de llegada, \u00bfverdad?<u><\/u><u><\/u><\/p>\n<p>Entonces, imag\u00ednense, era mi primer evento de esta dimensi\u00f3n, de esta magnitud y hoy, francamente, me siento con una atm\u00f3sfera de fraternidad, y en esa ocasi\u00f3n cuando venimos, pues habl\u00e1bamos de manera muy l\u00f3gica de los compromisos y de lo que \u00edbamos a hacer.<u><\/u><u><\/u><\/p>\n<p>Hoy, habiendo ya atravesado los cinco a\u00f1os de Gobierno y ahora caigo ya en cuenta que ya el pr\u00f3ximo a\u00f1o, bueno, \u00e9sta es mi \u00faltima ocasi\u00f3n. Si me invitan vendr\u00e9, pero ya no como Gobernador, \u00bfverdad? Nom\u00e1s que no la hagan en octubre.<u><\/u><u><\/u><\/p>\n<p>Pero bueno, en esta atm\u00f3sfera de fraternidad, pero bueno, en el primer a\u00f1o s\u00ed es importante hablar de lo que se va a hacer, pero ya en el umbral del \u00faltimo tr\u00e1nsito, 356 d\u00edas o un poco menos, es importante reflexionar sobre lo que hemos hecho juntos, porque sin duda lo hemos hecho juntos.<u><\/u><u><\/u><\/p>\n<p>Y aqu\u00ed me permito una reflexi\u00f3n muy concreta y siento que \u00e9ste es el espacio propicio para hacerlo y ahora les voy a decir el porqu\u00e9: \u00bfCu\u00e1l es el papel, la funci\u00f3n esencial del Gobierno? El desarrollo, la Constituci\u00f3n lo define, un crecimiento econ\u00f3mico y garantizar la justa distribuci\u00f3n de la riqueza.<u><\/u><u><\/u><\/p>\n<p>As\u00ed sintetiza nuestra Carta Magna el papel del Gobierno del Estado en el desarrollo, en este caso, de la entidad. Y si hablamos de crecimiento econ\u00f3mico, juntos en Yucat\u00e1n, despu\u00e9s de que en 2013 tuvimos un modesto crecimiento del 0.8 por ciento, en 2014 del dos por ciento del Producto Interno Bruto, en 2015 y 2016 estuvimos en el orden de crecimiento del cuatro por ciento del Producto Interno Bruto.<u><\/u><u><\/u><\/p>\n<p>Y ahora, en 2017 vamos a un ritmo de crecimiento del 6.2 por ciento, ese es el crecimiento de nuestra econom\u00eda de Yucat\u00e1n. Eso, amigas y amigos, \u00bfes mucho o es poco? La econom\u00eda de Estados Unidos est\u00e1 creciendo a un ritmo, Gustavo, del 1.5, 1.6 del Producto Interno Bruto de los Estados Unidos, nuestra naci\u00f3n, M\u00e9xico que tiene el crecimiento m\u00e1s importante en toda Latinoam\u00e9rica, tiene un crecimiento del 2.5.<\/p>\n<p>El paradigma del crecimiento econ\u00f3mico durante mucho tiempo fue China, con siete por ciento, la econom\u00eda de Yucat\u00e1n est\u00e1 creciendo en este 2017 a un 6.2 por ciento. Eso es lo que juntos estamos haciendo. Por eso es importante decirlo y reconocerlo ac\u00e1, porque ustedes han sido un factor important\u00edsimo para esa din\u00e1mica de crecimiento.<\/p>\n<p>Y en cuanto a la distribuci\u00f3n de la riqueza, todav\u00eda lo ve\u00edamos hace poco, m\u00e1s de dos, tres semanas, el Coneval ubicaba a Yucat\u00e1n como el tercer estado con mayor disminuci\u00f3n de los indicadores de pobreza extrema, y muy adelantados tambi\u00e9n en la distribuci\u00f3n de la pobreza moderada.<\/p>\n<p>Esto es lo que juntos estamos haciendo, y porqu\u00e9 hablar de crecimiento econ\u00f3mico y de justa distribuci\u00f3n de la riqueza en un foro de la vivienda, precisamente porque la vivienda al mismo tiempo el sector vivienda, al mismo tiempo que es un gran protagonista como motor del dinamismo en la econom\u00eda de una entidad.<\/p>\n<p>A ver les voy a dar un dato, \u00bfcu\u00e1nto es la derrama econ\u00f3mica que deja el sector vivienda en Yucat\u00e1n al a\u00f1o? Seis mil millones de pesos, equivalente a toda la derrama de todo el sector agropecuario de Yucat\u00e1n, son n\u00fameros, son indicadores, eso es lo que representa el sector vivienda para la din\u00e1mica econ\u00f3mica.<\/p>\n<p>El sector vivienda es motor de la din\u00e1mica econ\u00f3mica pero tambi\u00e9n es reflejo de la din\u00e1mica econ\u00f3mica en una entidad, la vivienda crece cuando la econom\u00eda crece, la oferta de vivienda crece cuando existe una masa cr\u00edtica demandante de esa vivienda y en capacidad para adquirirla.<\/p>\n<p>\u00bfSaben qu\u00e9 es lo positivo? Que en estos cinco a\u00f1os hemos avanzado juntos, esa l\u00f3gica de crecimiento e impulso del sector vivienda con inversi\u00f3n econ\u00f3mica, generaci\u00f3n de empleo, en estos cinco a\u00f1os en Yucat\u00e1n se han generado 62 mil nuevos empleos registrados ante el Instituto Mexicano del Seguro Social. \u00bfEso es mucho o es poco? Los 12 a\u00f1os previos se hab\u00eda generado 52 mil. En cinco a\u00f1os, 62 mil; en cinco a\u00f1os, 52 mil.<u><\/u><u><\/u><\/p>\n<p>Y eso es lo que hacen ustedes, porque es cierto, al derramarse esos seis mil millones de pesos, se impactan 38 actividades econ\u00f3micas vinculadas con el sector secundario; aqu\u00ed est\u00e1 Juan Manuel; con el sector terciario, aqu\u00ed est\u00e1 Juan Jos\u00e9, y los diferentes sectores que se ven impactados definitivamente en la econom\u00eda.<u><\/u><u><\/u><\/p>\n<p>Esa es la vinculaci\u00f3n y es el impacto, por eso aqu\u00ed y junto a ustedes hablamos de crecimiento econ\u00f3mico, por eso aqu\u00ed y junto a ustedes hablamos de disminuci\u00f3n de la pobreza o de incremento en las condiciones de bienestar.<u><\/u><u><\/u><\/p>\n<p>Porque la vivienda al mismo tiempo que es un dinamizador de la econom\u00eda, como lo hemos demostrado, es tambi\u00e9n un elemento generador de bienestar que mejora las condiciones de una familia en su espacio esencial, que es precisamente donde habita con su familia.<u><\/u><u><\/u><\/p>\n<p>Por eso es tan importante impulsar el sector de la vivienda, por eso es tan importante para m\u00ed hoy con la misma emoci\u00f3n, pero al mismo con renovado compromiso como vine hace cinco a\u00f1os y un poquito m\u00e1s, venir hoy y decirles que esa agenda de temas nunca acabada, nunca concluida.<u><\/u><u><\/u><\/p>\n<p>Porque a fin de cuentas eso marca la din\u00e1mica y los retos que la interacci\u00f3n entre el sector empresarial, que impulsa la inversi\u00f3n, y sus autoridades, siempre vamos evolucionando en esa agenda de trabajo que nos permita, ante todo mantener un ritmo, mantener una din\u00e1mica, mantener en este caso un crecimiento.<u><\/u><u><\/u><\/p>\n<p>Ratificar el compromiso con ustedes de que, en el a\u00f1o, bueno, un poquito menos, que tenemos frente a nosotros en el Gobierno del Estado, mantener ese ritmo, mantener esa din\u00e1mica que tenemos frente a nosotros en el Gobierno del Estado, mantener ese ritmo, mantener esa din\u00e1mica.<u><\/u><u><\/u><\/p>\n<p>Y aqu\u00ed est\u00e1 don C\u00e9sar Escobedo a quien, se los digo como va, le reconocemos ese trabajo que ha realizado ah\u00ed en el IVEY siempre muy atento, siempre muy pendiente, y siempre en una gran coordinaci\u00f3n y estrecha colaboraci\u00f3n con la Canadevi.<\/p>\n<p>Mantener esa din\u00e1mica y de manera muy concreta seguir haciendo la parte que le corresponde al Estado: generar las condiciones en las tem\u00e1ticas de seguridad, de promoci\u00f3n a la inversi\u00f3n, de regulaci\u00f3n, de normatividad, de simplificaci\u00f3n administrativa; todas esas condiciones que est\u00e1n de nuestro lado de la cancha.<\/p>\n<p>\u00bfPara qu\u00e9? Para que ustedes sigan teniendo la certeza y el optimismo de que vale la pena invertir y vale la pena hacer los movimientos necesarios para garantizar que en el futuro inmediato contin\u00fae la inversi\u00f3n.<\/p>\n<p>Porque yo s\u00e9 perfectamente que este sector, particularmente, siempre tiene que ir pensando un d\u00eda adelante, dos d\u00edas adelante, en qu\u00e9 es lo que va a suceder. En el momento que se detenga traer\u00e1, posteriormente, un decrecimiento en la actividad.<\/p>\n<p>Eso es lo que hoy vine a decirles, a ratificar el reconocimiento a la gran a portaci\u00f3n que ha hecho el sector vivienda. S\u00f3lo el sector de la construcci\u00f3n en este 2017 tiene una din\u00e1mica de crecimiento del 7.3, Yucat\u00e1n est\u00e1 en el <i>top ten<\/i>&nbsp;del crecimiento de la construcci\u00f3n. Somos el cuarto lugar en la industria inmobiliaria, s\u00f3lo superados por, imag\u00ednense ustedes, el estado de M\u00e9xico, el Distrito Federal y Jalisco y Yucat\u00e1n en el cuarto lugar.<\/p>\n<p>S\u00ed, esa es la realidad que hoy estamos viviendo en Yucat\u00e1n y, reitero, que juntos estamos construyendo. Hoy, al inaugurar con una enorme satisfacci\u00f3n, ahora s\u00ed que, por sexta ocasi\u00f3n, esta Expo tan importante, yo quiero decirles y subrayar tres cosas: una, el reconocimiento al Gobierno de la Rep\u00fablica y al Presidente Enrique Pe\u00f1a Nieto, que a trav\u00e9s de sus diferentes dependencias, nos ha brindado apoyo y condiciones para tener esta din\u00e1mica.<\/p>\n<p>Dos, el reconocimiento a todos ustedes como parte de este sector que impulsa la econom\u00eda y genera bienestar a Yucat\u00e1n; y tres, hacer votos, todos, como yucatecos, que este rumbo, este buen rumbo, que los indicadores acreditan que Yucat\u00e1n va por buen camino, se mantenga este a\u00f1o que tenemos para trabajar conjuntamente y, por supuesto, m\u00e1s all\u00e1 de esa fecha.<\/p>\n<p>\u00a1Muchas felicidades! \u00a1Enhorabuena a todos y a seguir trabajando juntos!<\/p>\n<\/div>\n<div><\/div>\n<\/div>\n<div><\/p>\n<\/div>\n<p><\/p>\n","protected":false},"excerpt":{"rendered":"<p>Abre sus puertas la edici\u00f3n 13 de la Expo Vivienda Canadevi 2017.<\/p>\n","protected":false},"author":1018,"featured_media":0,"comment_status":"open","ping_status":"open","sticky":false,"template":"","format":"standard","meta":{"tdm_status":"","tdm_grid_status":"","footnotes":""},"categories":[21],"tags":[],"_links":{"self":[{"href":"https:\/\/dralvarez.com.mx\/larevista\/wp-json\/wp\/v2\/posts\/58760"}],"collection":[{"href":"https:\/\/dralvarez.com.mx\/larevista\/wp-json\/wp\/v2\/posts"}],"about":[{"href":"https:\/\/dralvarez.com.mx\/larevista\/wp-json\/wp\/v2\/types\/post"}],"author":[{"embeddable":true,"href":"https:\/\/dralvarez.com.mx\/larevista\/wp-json\/wp\/v2\/users\/1018"}],"replies":[{"embeddable":true,"href":"https:\/\/dralvarez.com.mx\/larevista\/wp-json\/wp\/v2\/comments?post=58760"}],"version-history":[{"count":0,"href":"https:\/\/dralvarez.com.mx\/larevista\/wp-json\/wp\/v2\/posts\/58760\/revisions"}],"wp:attachment":[{"href":"https:\/\/dralvarez.com.mx\/larevista\/wp-json\/wp\/v2\/media?parent=58760"}],"wp:term":[{"taxonomy":"category","embeddable":true,"href":"https:\/\/dralvarez.com.mx\/larevista\/wp-json\/wp\/v2\/categories?post=58760"},{"taxonomy":"post_tag","embeddable":true,"href":"https:\/\/dralvarez.com.mx\/larevista\/wp-json\/wp\/v2\/tags?post=58760"}],"curies":[{"name":"wp","href":"https:\/\/api.w.org\/{rel}","templated":true}]}}