{"id":58759,"date":"2017-10-09T00:00:00","date_gmt":"2017-10-09T06:00:00","guid":{"rendered":"https:\/\/dralvarez.com.mx\/larevista\/blog\/servidores-publicos-y-empresarios-generan-resultados-efectivos-liborio-vidal-18362"},"modified":"2017-10-09T00:00:00","modified_gmt":"2017-10-09T06:00:00","slug":"servidores-publicos-y-empresarios-generan-resultados-efectivos-liborio-vidal-18362","status":"publish","type":"post","link":"https:\/\/dralvarez.com.mx\/larevista\/yucatan\/servidores-publicos-y-empresarios-generan-resultados-efectivos-liborio-vidal-18362","title":{"rendered":"Servidores p\u00fablicos y empresarios generan resultados efectivos: Liborio Vidal"},"content":{"rendered":"<\/p>\n<p>El empresario y pol\u00edtico Liborio Vidal Aguilar present\u00f3 ante la C\u00e1mara de Diputados tres iniciativas en materia empresarial, que fueron resultado de una reuni\u00f3n entre diputados federales con representantes de la C\u00e1mara Nacional de Comercio, Servicios y Turismo (Canaco Servytur), realizada el a\u00f1o pasado.<\/p>\n<p>\u201cAgradecemos a los empresarios que muestren esta apertura y actitud propositiva porque as\u00ed sabemos en qu\u00e9 podemos apoyarlos, sin duda hemos avanzado y eso es resultado del esfuerzo de los yucatecos, de los empresarios y del gobierno, todos juntos\u201d, manifest\u00f3 Vidal Aguilar.<\/p>\n<p>Las iniciativas de Vidal Aguilar proponen reformas que promueven la inversi\u00f3n empresarial y facilitan las ventas a cr\u00e9dito, ambas fueron aprobadas por el pleno de la C\u00e1mara de Diputados y cont\u00f3 con el respaldo de las c\u00e1maras empresariales de diversos estados del pa\u00eds.<\/p>\n<p>Debido a lo anterior, le solicit\u00f3 al presidente de la Canaco, Juan Jos\u00e9 Abraham D\u00e1guer, que en lugar de tener reuniones anuales, mantener tener un di\u00e1logo constante para trabajar no s\u00f3lo en materia de iniciativas y reformas a la ley sino realizar gestiones ante dependencias federales.<\/p>\n<p>Liborio Vidal puso como ejemplo la reuni\u00f3n que tuvieron con Gerardo Guti\u00e9rrez Candiani  para apoyar las propuestas de los empresarios yucatecos y como resultado se aprob\u00f3 una Zona Econ\u00f3mica Especial para el Estado que estar\u00e1 especializada en Tecnolog\u00edas de la Comunicaci\u00f3n e Informaci\u00f3n (TICs).<\/p>\n<p>\u201cNosotros como diputados federales apoyamos al gobierno del Estado que encabeza Rolando Zapata, que ha dado buenos resultados como la generaci\u00f3n de casi 60 mil empleos en los \u00faltimos cinco a\u00f1os. Tenemos que seguir trabajando para que los diputados federales y el gobierno del Estado sean los grandes facilitadores para los empresarios, que son los grandes generadores de empleo\u201d, se\u00f1al\u00f3.<\/p>\n<p>Este a\u00f1o, la reuni\u00f3n con los representantes de la Canaco se realiz\u00f3 el 2 de octubre pasado con la participaci\u00f3n de los diputados federales del PRI, PAN y Morena.<\/p>\n<p><\/p>\n","protected":false},"excerpt":{"rendered":"<p>Iniciativas que promueven la inversi\u00f3n empresarial<\/p>\n","protected":false},"author":1018,"featured_media":0,"comment_status":"open","ping_status":"open","sticky":false,"template":"","format":"standard","meta":{"tdm_status":"","tdm_grid_status":"","footnotes":""},"categories":[21],"tags":[],"_links":{"self":[{"href":"https:\/\/dralvarez.com.mx\/larevista\/wp-json\/wp\/v2\/posts\/58759"}],"collection":[{"href":"https:\/\/dralvarez.com.mx\/larevista\/wp-json\/wp\/v2\/posts"}],"about":[{"href":"https:\/\/dralvarez.com.mx\/larevista\/wp-json\/wp\/v2\/types\/post"}],"author":[{"embeddable":true,"href":"https:\/\/dralvarez.com.mx\/larevista\/wp-json\/wp\/v2\/users\/1018"}],"replies":[{"embeddable":true,"href":"https:\/\/dralvarez.com.mx\/larevista\/wp-json\/wp\/v2\/comments?post=58759"}],"version-history":[{"count":0,"href":"https:\/\/dralvarez.com.mx\/larevista\/wp-json\/wp\/v2\/posts\/58759\/revisions"}],"wp:attachment":[{"href":"https:\/\/dralvarez.com.mx\/larevista\/wp-json\/wp\/v2\/media?parent=58759"}],"wp:term":[{"taxonomy":"category","embeddable":true,"href":"https:\/\/dralvarez.com.mx\/larevista\/wp-json\/wp\/v2\/categories?post=58759"},{"taxonomy":"post_tag","embeddable":true,"href":"https:\/\/dralvarez.com.mx\/larevista\/wp-json\/wp\/v2\/tags?post=58759"}],"curies":[{"name":"wp","href":"https:\/\/api.w.org\/{rel}","templated":true}]}}