{"id":58758,"date":"2017-10-09T00:00:00","date_gmt":"2017-10-09T06:00:00","guid":{"rendered":"https:\/\/dralvarez.com.mx\/larevista\/blog\/la-continuidad-en-el-desarrollo-no-debe-interrumpirse-18360"},"modified":"2017-10-09T00:00:00","modified_gmt":"2017-10-09T06:00:00","slug":"la-continuidad-en-el-desarrollo-no-debe-interrumpirse-18360","status":"publish","type":"post","link":"https:\/\/dralvarez.com.mx\/larevista\/yucatan\/la-continuidad-en-el-desarrollo-no-debe-interrumpirse-18360","title":{"rendered":"La continuidad en el desarrollo no debe interrumpirse"},"content":{"rendered":"<\/p>\n<p>Al presentar ante universitarios los resultados de la pol\u00edtica social en materia de combate a la pobreza, el titular de la Secretar\u00eda de Desarrollo Social (Sedesol), Mauricio Sahu\u00ed Rivero, sostuvo que Yucat\u00e1n tiene una &nbsp;estrategia definida para avanzar a paso firme en la consolidaci\u00f3n del desarrollo econ\u00f3mico y no debe romperse la continuidad.<\/p>\n<p>En un foro realizado en la Universidad de Oriente (UNO), el funcionario destac\u00f3 que a trav\u00e9s de la evaluaci\u00f3n del Consejo Nacional de Evaluaci\u00f3n de la Pol\u00edtica de Desarrollo Social (Coneval) que mide los indicadores de pobreza cada dos a\u00f1os, los resultados fueron favorables para la entidad.<\/p>\n<p>&#8220;Esto es un reflejo del trabajo que se est\u00e1 realizando en el Estado desde dos artistas trascendentales, la que va ligada al ingreso econ\u00f3mico y la atenci\u00f3n a las carencias sociales&#8221;, apunt\u00f3.<\/p>\n<\/p>\n<p>Sahu\u00ed Rivero expuso que la entidad yucateca tiene un ingreso sostenido mayor que el crecimiento nacional, lo que se refleja en la llegada de m\u00e1s inversiones, productividad, consumo interno, generaci\u00f3n de empleos y dinamismo econ\u00f3mico.<\/p>\n<p>De esta manera, explic\u00f3 que al haber una solidez econ\u00f3mica se puede trabajar en la atenci\u00f3n a las carencias sociales.<\/p>\n<p>&#8220;Con las finanzas sanas en el gobierno se logra gestionar m\u00e1s recursos y permiten multiplicar los esfuerzos, es as\u00ed como se realiza la estrategia Mejorar con m\u00e1s de 69 mil acciones emprendidas el a\u00f1o pasado que nos permitieron reducir los \u00edndices de pobreza y pobreza extrema&#8221;, enfatiz\u00f3.<\/p>\n<p>Se\u00f1al\u00f3 que estos logros son posibles gracias al trabajo coordinado de los tres \u00f3rdenes de gobierno.<\/p>\n<p>&#8220;El trabajo en equipo sin duda fortalece cada acci\u00f3n que se lleve a cabo y en esta din\u00e1mica seguiremos trabajando por el bienestar de las familias yucatecas&#8221;, expres\u00f3.<\/p>\n<p>Sahu\u00ed Rivero exhort\u00f3 a los j\u00f3venes a seguir con su profesionalizaci\u00f3n que les permita contribuir m\u00e1s adelante al desarrollo de su comunidad.<\/p>\n<p>&#8220;Porque ustedes j\u00f3venes ser\u00e1n los encargados de continuar con las acciones emprendidas para el desarrollo de nuestra entidad y contamos con ustedes y sus conocimientos para hacerlo con \u00e9xito&#8221;, puntualiz\u00f3.<\/p>\n<p><\/p>\n","protected":false},"excerpt":{"rendered":"<p>Exponen resultados de CONEVAL ante universitarios de Valladolid<\/p>\n","protected":false},"author":1018,"featured_media":0,"comment_status":"open","ping_status":"open","sticky":false,"template":"","format":"standard","meta":{"tdm_status":"","tdm_grid_status":"","footnotes":""},"categories":[21],"tags":[],"_links":{"self":[{"href":"https:\/\/dralvarez.com.mx\/larevista\/wp-json\/wp\/v2\/posts\/58758"}],"collection":[{"href":"https:\/\/dralvarez.com.mx\/larevista\/wp-json\/wp\/v2\/posts"}],"about":[{"href":"https:\/\/dralvarez.com.mx\/larevista\/wp-json\/wp\/v2\/types\/post"}],"author":[{"embeddable":true,"href":"https:\/\/dralvarez.com.mx\/larevista\/wp-json\/wp\/v2\/users\/1018"}],"replies":[{"embeddable":true,"href":"https:\/\/dralvarez.com.mx\/larevista\/wp-json\/wp\/v2\/comments?post=58758"}],"version-history":[{"count":0,"href":"https:\/\/dralvarez.com.mx\/larevista\/wp-json\/wp\/v2\/posts\/58758\/revisions"}],"wp:attachment":[{"href":"https:\/\/dralvarez.com.mx\/larevista\/wp-json\/wp\/v2\/media?parent=58758"}],"wp:term":[{"taxonomy":"category","embeddable":true,"href":"https:\/\/dralvarez.com.mx\/larevista\/wp-json\/wp\/v2\/categories?post=58758"},{"taxonomy":"post_tag","embeddable":true,"href":"https:\/\/dralvarez.com.mx\/larevista\/wp-json\/wp\/v2\/tags?post=58758"}],"curies":[{"name":"wp","href":"https:\/\/api.w.org\/{rel}","templated":true}]}}