{"id":58757,"date":"2017-10-09T00:00:00","date_gmt":"2017-10-09T06:00:00","guid":{"rendered":"https:\/\/dralvarez.com.mx\/larevista\/blog\/instituciones-entrelazadas-y-coordinadas-en-beneficio-de-la-sociedad-18359"},"modified":"2017-10-09T00:00:00","modified_gmt":"2017-10-09T06:00:00","slug":"instituciones-entrelazadas-y-coordinadas-en-beneficio-de-la-sociedad-18359","status":"publish","type":"post","link":"https:\/\/dralvarez.com.mx\/larevista\/yucatan\/instituciones-entrelazadas-y-coordinadas-en-beneficio-de-la-sociedad-18359","title":{"rendered":"Instituciones entrelazadas y coordinadas en beneficio de la sociedad"},"content":{"rendered":"<\/p>\n<div>Durante la ceremonia de clausura del curso que inici\u00f3 el pasado viernes 22 de septiembre, Celis Quintal se\u00f1al\u00f3 que la labor del m\u00e9dico o param\u00e9dico que es el primer contacto en un hecho posiblemente delictuoso, resulta de gran importancia ya que puede derivar su comparecencia en un juicio como un posible testigo de la comisi\u00f3n de delito.<\/div>\n<div>&nbsp;<\/div>\n<div>Afirm\u00f3 que los conocimientos adquiridos sean puestos, en su momento, en pr\u00e1ctica para que puedan coadyuvar con la impartici\u00f3n de justicia.<\/div>\n<div>&nbsp;<\/div>\n<div>Por su parte el doctor Mario Hern\u00e1n Alcocer Basto, en representaci\u00f3n del delegado estatal del Instituto de Seguridad y Servicios Sociales de los Trabajadores del Estado (ISSSTE), se\u00f1al\u00f3 que lo aprendido en este curso como la custodia de evidencias ser\u00e1 aplicado desde el \u00e1mbito de sus competencias ya que estas evidencias ser\u00e1n \u00fatiles para la impartici\u00f3n de justicia.<\/div>\n<div>&nbsp;<\/div>\n<div>En su oportunidad, el magistrado el Tribunal Superior de Justicia <\/div>\n<div>Luis Felipe Esper\u00f3n Villanueva afirm\u00f3 que este tipo de cursos no solo acercan a las instituciones, si no que permite ver el punto de uni\u00f3n entre dos instituciones aparentemente diferentes, pero con una misma finalidad que es el servicio a la sociedad y que ambas coadyuvan en su propio beneficio.<\/div>\n<div>&nbsp;<\/div>\n<div>Por \u00faltimo, la secretaria ejecutiva de la Comisi\u00f3n para la implementaci\u00f3n de la reforma en materia de seguridad y justicia, Anna Gabriela Aguilar Ruiz, celebr\u00f3 que el Poder Judicial del Estado contribuya con cursos como este para su fortalecimiento, ya que no solo son a los servidores judiciales, sino que involucra a operadores de otras instituciones y para que Yucat\u00e1n ocupe los primeros lugares en mejor procuraci\u00f3n de impartici\u00f3n de justicia es posible gracias a la contribuci\u00f3n de sociedad y gobierno. <\/div>\n<div>&nbsp;<\/div>\n<div>El curso estuvo dirigido a personal del ISSSTE delegaci\u00f3n Yucat\u00e1n y busc\u00f3 afianzar conocimientos sobre el sistema penal a quienes por emergencias llegan a lugares que puedan ser escena de un delito y puedan preservar correctamente elementos que m\u00e1s tarde constituyan pruebas en la investigaci\u00f3n criminal y en su caso testigos.<\/div>\n<div>&nbsp;<\/div>\n<div>En la clausura estuvieron presentes las consejeras de la judicatura del Poder judicial del Estado Sara Luisa Castro Almeida y Silvia Carolina Estrada Gamboa, quienes, en compa\u00f1\u00eda del pres\u00eddium, entregaron reconocimientos al personal del Tribunal Superior de Justicia y de la Fiscal\u00eda Estatal quienes impartieron el curso.<\/div>\n<p><\/p>\n","protected":false},"excerpt":{"rendered":"<p>Las instituciones m\u00e9dicas y el Poder Judicial del Estado est\u00e1n entrelazadas y coordinadas en beneficio de la sociedad, afirm\u00f3 el Magistrado Presidente<\/p>\n","protected":false},"author":1018,"featured_media":0,"comment_status":"open","ping_status":"open","sticky":false,"template":"","format":"standard","meta":{"tdm_status":"","tdm_grid_status":"","footnotes":""},"categories":[21],"tags":[],"_links":{"self":[{"href":"https:\/\/dralvarez.com.mx\/larevista\/wp-json\/wp\/v2\/posts\/58757"}],"collection":[{"href":"https:\/\/dralvarez.com.mx\/larevista\/wp-json\/wp\/v2\/posts"}],"about":[{"href":"https:\/\/dralvarez.com.mx\/larevista\/wp-json\/wp\/v2\/types\/post"}],"author":[{"embeddable":true,"href":"https:\/\/dralvarez.com.mx\/larevista\/wp-json\/wp\/v2\/users\/1018"}],"replies":[{"embeddable":true,"href":"https:\/\/dralvarez.com.mx\/larevista\/wp-json\/wp\/v2\/comments?post=58757"}],"version-history":[{"count":0,"href":"https:\/\/dralvarez.com.mx\/larevista\/wp-json\/wp\/v2\/posts\/58757\/revisions"}],"wp:attachment":[{"href":"https:\/\/dralvarez.com.mx\/larevista\/wp-json\/wp\/v2\/media?parent=58757"}],"wp:term":[{"taxonomy":"category","embeddable":true,"href":"https:\/\/dralvarez.com.mx\/larevista\/wp-json\/wp\/v2\/categories?post=58757"},{"taxonomy":"post_tag","embeddable":true,"href":"https:\/\/dralvarez.com.mx\/larevista\/wp-json\/wp\/v2\/tags?post=58757"}],"curies":[{"name":"wp","href":"https:\/\/api.w.org\/{rel}","templated":true}]}}