{"id":58750,"date":"2017-10-06T00:00:00","date_gmt":"2017-10-06T06:00:00","guid":{"rendered":"https:\/\/dralvarez.com.mx\/larevista\/blog\/renan-barrera-los-jovenes-factor-importante-para-cambiar-yucatan-18352"},"modified":"2017-10-06T00:00:00","modified_gmt":"2017-10-06T06:00:00","slug":"renan-barrera-los-jovenes-factor-importante-para-cambiar-yucatan-18352","status":"publish","type":"post","link":"https:\/\/dralvarez.com.mx\/larevista\/yucatan\/renan-barrera-los-jovenes-factor-importante-para-cambiar-yucatan-18352","title":{"rendered":"Ren\u00e1n Barrera: \u201cLos j\u00f3venes factor importante para cambiar Yucat\u00e1n&#8221;"},"content":{"rendered":"<p>Ren\u00e1n Barrera Concha contin\u00faa recogiendo propuestas e inquietudes de la ciudadan\u00eda de todo Yucat\u00e1n a trav\u00e9s de su plataforma: Pensemos Yucat\u00e1n. Hoy estuvo con los j\u00f3venes de la Universidad Mesoamericana San Agust\u00edn (UMSA).<\/p>\n<p>Los futuros profesionistas de las carreras de Derecho, Ciencias Pol\u00edticas y Administraci\u00f3n de Empresas participaron en la reuni\u00f3n planteando sus preocupaciones, entre las que destacaron:  ampliar las oportunidades para quienes trabajan para cubrir sus estudios, para los reci\u00e9n egresados y empleos bien remunerados.<\/p>\n<p>\u201cLos j\u00f3venes son un factor importante para cambiar la realidad que viven los yucatecos. Estas experiencias y puntos de vista que ustedes plantean en este di\u00e1logo ser\u00e1n la base para crear y plantear estrategias que permitan impulsar opciones flexibles para los j\u00f3venes, as\u00ed como para los futuros profesionistas, madres trabajadoras y miles de trabajadores yucatecos que quieren una econom\u00eda activa y con salarios justos. Haremos todo lo posible por incorporar todo este talento al nuevo gobierno ciudadano que saldr\u00e1n en 2018\u201d, expres\u00f3.<\/p>\n<p>El exalcalde de M\u00e9rida y principal contendiente para la gubernatura del estado por el PAN, expres\u00f3 que sumar\u00e1 estas propuestas a las que ya se han recogido en materia de salud, educaci\u00f3n y cultura, las cuales tambi\u00e9n apuntan a la saturaci\u00f3n de las universidades que impide a muchos j\u00f3venes estudiar una carrera, el desabasto de medicamentos en los servicios p\u00fablicos de salud y la ausencia de oportunidades para las madres trabajadoras.<br \/>&nbsp; <br \/>Finalmente, en este evento estuvo acompa\u00f1ado por el Secretario General de la UMSA, Herminio Pi\u00f1a Valladares, la directora de la Licenciatura de Ciencias Pol\u00edticas, Mireya Interi\u00e1n Valdez, y la directora de la Licenciatura de Administraci\u00f3n de Empresas y Contador P\u00fablico, Cristina Urzaiz Cetina.<\/p>\n","protected":false},"excerpt":{"rendered":"<p>Ren\u00e1n Barrera Concha contin\u00faa recogiendo propuestas e inquietudes de la ciudadan\u00eda de todo Yucat\u00e1n a trav\u00e9s de su plataforma: Pensemos Yucat\u00e1n. Hoy es<\/p>\n","protected":false},"author":1018,"featured_media":0,"comment_status":"open","ping_status":"open","sticky":false,"template":"","format":"standard","meta":{"tdm_status":"","tdm_grid_status":"","footnotes":""},"categories":[21],"tags":[],"_links":{"self":[{"href":"https:\/\/dralvarez.com.mx\/larevista\/wp-json\/wp\/v2\/posts\/58750"}],"collection":[{"href":"https:\/\/dralvarez.com.mx\/larevista\/wp-json\/wp\/v2\/posts"}],"about":[{"href":"https:\/\/dralvarez.com.mx\/larevista\/wp-json\/wp\/v2\/types\/post"}],"author":[{"embeddable":true,"href":"https:\/\/dralvarez.com.mx\/larevista\/wp-json\/wp\/v2\/users\/1018"}],"replies":[{"embeddable":true,"href":"https:\/\/dralvarez.com.mx\/larevista\/wp-json\/wp\/v2\/comments?post=58750"}],"version-history":[{"count":0,"href":"https:\/\/dralvarez.com.mx\/larevista\/wp-json\/wp\/v2\/posts\/58750\/revisions"}],"wp:attachment":[{"href":"https:\/\/dralvarez.com.mx\/larevista\/wp-json\/wp\/v2\/media?parent=58750"}],"wp:term":[{"taxonomy":"category","embeddable":true,"href":"https:\/\/dralvarez.com.mx\/larevista\/wp-json\/wp\/v2\/categories?post=58750"},{"taxonomy":"post_tag","embeddable":true,"href":"https:\/\/dralvarez.com.mx\/larevista\/wp-json\/wp\/v2\/tags?post=58750"}],"curies":[{"name":"wp","href":"https:\/\/api.w.org\/{rel}","templated":true}]}}