{"id":58747,"date":"2017-10-06T00:00:00","date_gmt":"2017-10-06T06:00:00","guid":{"rendered":"https:\/\/dralvarez.com.mx\/larevista\/blog\/emprendedores-se-vinculan-con-sector-industrial-18349"},"modified":"2017-10-06T00:00:00","modified_gmt":"2017-10-06T06:00:00","slug":"emprendedores-se-vinculan-con-sector-industrial-18349","status":"publish","type":"post","link":"https:\/\/dralvarez.com.mx\/larevista\/yucatan\/emprendedores-se-vinculan-con-sector-industrial-18349","title":{"rendered":"Emprendedores se vinculan con sector industrial"},"content":{"rendered":"<p>M\u00e9rida, Yucat\u00e1n, 06 de octubre de 2017.-  La tarde de este jueves, Francisco Lezama Pacheco, director General del Instituto Yucateco de Emprendedores (IYEM), acompa\u00f1ado por Juan Manuel Ponce D\u00edaz y Gregorio Sauri Jairala, presidente y secretario, respectivamente, de laC\u00e1mara Nacional de la Industria de la Transformaci\u00f3n (Canacintra) delegaci\u00f3n Yucat\u00e1n, presentaron las  \u201cMesas de Negociaci\u00f3n Canacintra-IYEM\u201d.<\/p>\n<p>Este evento tuvo como objetivo generar un espacio que vincule proyectos de emprendedores con  empresas y, de esta forma, detonar cadenas de valor que impulsen el desarrollo de la entidad. A lo largo de la tarde,  se presentaron diez propuestas, entre productos y servicios, con su pitch de ventas.<\/p>\n<p>Lezama Pacheco, remarc\u00f3 en su mensaje que hay que reconocer la capacidad de este sector porque ya est\u00e1n listos para dar el paso siguiente. \u201cNo podemos seguir viendo al emprendimiento como un tema temporal o como algo \u00fanicamente de j\u00f3venes, tenemos que mirarlo como una opci\u00f3n seria de vida y una manera de crear organizaciones empresariales de manera disruptiva\u201d, declar\u00f3.<\/p>\n<p>\u201cEstoy seguro de que quienes conforman Canacintra fueron emprendedores en alg\u00fan momento de su vida, tuvieron una idea disruptiva y hoy dirigen grandes compa\u00f1\u00edas y no por eso dejan de embarcarse en nuevos planes\u201d, enfatiz\u00f3 el funcionario.<\/p>\n<p>Tambi\u00e9n dijo sentirse muy agradecido con la C\u00e1mara y con Ponce D\u00edaz por abrir ventanas de oportunidad para que los industriales del estado conozcan estas ideas y las integren a las cadenas de valor para generar m\u00e1s empleos.<\/p>\n<p>\u201cCon esto se demuestra que los emprendedores se pueden unir de lleno a la din\u00e1mica econ\u00f3mica del estado\u201d, agreg\u00f3 para finalizar.<\/p>\n","protected":false},"excerpt":{"rendered":"<p>Realizan mesas de negociaci\u00f3n para integrar productos y servicios a cadenas productivas de socios de Canacintra.<\/p>\n","protected":false},"author":1018,"featured_media":0,"comment_status":"open","ping_status":"open","sticky":false,"template":"","format":"standard","meta":{"tdm_status":"","tdm_grid_status":"","footnotes":""},"categories":[21],"tags":[],"_links":{"self":[{"href":"https:\/\/dralvarez.com.mx\/larevista\/wp-json\/wp\/v2\/posts\/58747"}],"collection":[{"href":"https:\/\/dralvarez.com.mx\/larevista\/wp-json\/wp\/v2\/posts"}],"about":[{"href":"https:\/\/dralvarez.com.mx\/larevista\/wp-json\/wp\/v2\/types\/post"}],"author":[{"embeddable":true,"href":"https:\/\/dralvarez.com.mx\/larevista\/wp-json\/wp\/v2\/users\/1018"}],"replies":[{"embeddable":true,"href":"https:\/\/dralvarez.com.mx\/larevista\/wp-json\/wp\/v2\/comments?post=58747"}],"version-history":[{"count":0,"href":"https:\/\/dralvarez.com.mx\/larevista\/wp-json\/wp\/v2\/posts\/58747\/revisions"}],"wp:attachment":[{"href":"https:\/\/dralvarez.com.mx\/larevista\/wp-json\/wp\/v2\/media?parent=58747"}],"wp:term":[{"taxonomy":"category","embeddable":true,"href":"https:\/\/dralvarez.com.mx\/larevista\/wp-json\/wp\/v2\/categories?post=58747"},{"taxonomy":"post_tag","embeddable":true,"href":"https:\/\/dralvarez.com.mx\/larevista\/wp-json\/wp\/v2\/tags?post=58747"}],"curies":[{"name":"wp","href":"https:\/\/api.w.org\/{rel}","templated":true}]}}