{"id":58746,"date":"2017-10-06T00:00:00","date_gmt":"2017-10-06T06:00:00","guid":{"rendered":"https:\/\/dralvarez.com.mx\/larevista\/blog\/jovenes-del-sur-de-yucatan-mejor-preparados-para-el-trabajo-18348"},"modified":"2017-10-06T00:00:00","modified_gmt":"2017-10-06T06:00:00","slug":"jovenes-del-sur-de-yucatan-mejor-preparados-para-el-trabajo-18348","status":"publish","type":"post","link":"https:\/\/dralvarez.com.mx\/larevista\/yucatan\/jovenes-del-sur-de-yucatan-mejor-preparados-para-el-trabajo-18348","title":{"rendered":"J\u00f3venes del sur de Yucat\u00e1n, mejor preparados para el trabajo"},"content":{"rendered":"<\/p>\n<p>Teabo, Yucat\u00e1n, 6 de<br \/>\noctubre de 2017.- \u201cCon acciones como las que hoy nos ocupa, el Gobernador<br \/>\nRolando Zapata Bello contin\u00faa respondiendo con hechos a sus compromisos con los<br \/>\nj\u00f3venes, ya que ellos son la  esperanza para transformar Yucat\u00e1n\u201d, subray\u00f3<br \/>\nel titular de la Secretar\u00eda del Trabajo y Previsi\u00f3n Social (STPS), Enrique<br \/>\nCastillo Ruz, al entregar apoyos de dos cursos de Capacitaci\u00f3n en la Pr\u00e1ctica<br \/>\nLaboral (CLP).<\/p>\n<p>Luego de distribuir las<br \/>\nbecas econ\u00f3micas y las constancias de esta formaci\u00f3n, cuyo costo asciende a 122<br \/>\nmil 839 pesos, a 50 beneficiarios de Tekit y Teabo, Castillo Ruz se\u00f1al\u00f3 que<br \/>\nestas tareas se orientan a t\u00e9cnicos y profesionistas, pues esta modalidad<br \/>\natiende preferentemente a dicho sector con el objetivo de respaldarlo para que<br \/>\nencuentre su primera oportunidad.<\/p>\n<p>Ante el alcalde de<br \/>\nTeabo, Daniel Puc Naal, quien reconoci\u00f3 este esfuerzo de la administraci\u00f3n<br \/>\nestatal y dio las palabras de bienvenida, el funcionario asegur\u00f3 que con este<br \/>\nesquema los participantes obtienen habilidades y destrezas que les facilitar\u00e1<br \/>\nincorporarse al mundo productivo.<\/p>\n<p>&nbsp;\u201cTenemos que<br \/>\nromper con el c\u00edrculo vicioso para que j\u00f3venes como ustedes tengan experiencia<br \/>\nlaboral, adem\u00e1s de un ingreso que les permita acreditar la capacidad para poder<br \/>\ndesempe\u00f1ar el empleo\u201d, expuso.<\/p>\n<p>De manera simb\u00f3lica, recibieron<br \/>\nsus pagos de las becas de manos del titular de la STPS Yunerbi Acosta Colli,<br \/>\nReyna Basulto y Paty Gloria Puc Cetzal de Tekit, en la especialidad de Auxiliar<br \/>\nde costura, al igual que Greyci Moo Ramirez y Ananeyin Ek G\u00f3ngora de Teabo, en<br \/>\nVentas.<\/p>\n<p>Finalmente, en<br \/>\nrepresentaci\u00f3n de los participantes, Reyna Mex G\u00f3ngora agradeci\u00f3 la oportunidad<br \/>\nque las autoridades proporcionan a los j\u00f3venes para que se capaciten y puedan<br \/>\nacceder con mayor facilidad a un puesto productivo.<\/p><\/p>\n","protected":false},"excerpt":{"rendered":"<p>Bienestar Laboral llega a 50 personas de Tekit y Teabo.<\/p>\n","protected":false},"author":1018,"featured_media":0,"comment_status":"open","ping_status":"open","sticky":false,"template":"","format":"standard","meta":{"tdm_status":"","tdm_grid_status":"","footnotes":""},"categories":[21],"tags":[],"_links":{"self":[{"href":"https:\/\/dralvarez.com.mx\/larevista\/wp-json\/wp\/v2\/posts\/58746"}],"collection":[{"href":"https:\/\/dralvarez.com.mx\/larevista\/wp-json\/wp\/v2\/posts"}],"about":[{"href":"https:\/\/dralvarez.com.mx\/larevista\/wp-json\/wp\/v2\/types\/post"}],"author":[{"embeddable":true,"href":"https:\/\/dralvarez.com.mx\/larevista\/wp-json\/wp\/v2\/users\/1018"}],"replies":[{"embeddable":true,"href":"https:\/\/dralvarez.com.mx\/larevista\/wp-json\/wp\/v2\/comments?post=58746"}],"version-history":[{"count":0,"href":"https:\/\/dralvarez.com.mx\/larevista\/wp-json\/wp\/v2\/posts\/58746\/revisions"}],"wp:attachment":[{"href":"https:\/\/dralvarez.com.mx\/larevista\/wp-json\/wp\/v2\/media?parent=58746"}],"wp:term":[{"taxonomy":"category","embeddable":true,"href":"https:\/\/dralvarez.com.mx\/larevista\/wp-json\/wp\/v2\/categories?post=58746"},{"taxonomy":"post_tag","embeddable":true,"href":"https:\/\/dralvarez.com.mx\/larevista\/wp-json\/wp\/v2\/tags?post=58746"}],"curies":[{"name":"wp","href":"https:\/\/api.w.org\/{rel}","templated":true}]}}