{"id":58724,"date":"2017-10-06T00:00:00","date_gmt":"2017-10-06T06:00:00","guid":{"rendered":"https:\/\/dralvarez.com.mx\/larevista\/blog\/municipios-18326"},"modified":"2017-10-06T00:00:00","modified_gmt":"2017-10-06T06:00:00","slug":"municipios-18326","status":"publish","type":"post","link":"https:\/\/dralvarez.com.mx\/larevista\/yucatan\/municipios-18326","title":{"rendered":"Municipios"},"content":{"rendered":"<p><b><i>Alcaldesa de Valladolid coloca primera piedra <\/i><\/b><br \/><b><i>para parque en la colonia Santa Cruz y local de Casa AME<\/i><\/b><\/p>\n<p>Con una inversi\u00f3n de $2, 527,958.61, la alcaldesa, Alpha Tavera Escalante, coloc\u00f3 la primera piedra para la construcci\u00f3n de la Casa de Atenci\u00f3n a la Mujer Embarazada (AME), la cual durante 14 a\u00f1os hab\u00eda funcionado en locales rentados, pero ahora tendr\u00e1 el propio.<br \/>En el evento, realizado en el fraccionamiento Flor Campestre, se cont\u00f3 con la asistencia de regidores, personal de la Casa AME, as\u00ed como de la directora del Hospital General de Valladolid, Mar\u00eda de la Luz Mendoza Sologuren.<br \/>Lucia Tec Cen, quien es originaria de Chemax, asisti\u00f3 a la colocaci\u00f3n de la primera piedra con su beb\u00e9 en brazos y coment\u00f3 que durante su embarazo estuvo tres d\u00edas en la posada AME, aqu\u00ed le brindaron hospedaje ya que ella no ten\u00eda donde alojarse ni los recursos para pagar un cuarto de hotel.<br \/>La  madre de familia agradeci\u00f3 a la presidenta municipal, Alpha Tavera, el apoyo brindado ya que gracias a eso pudo acudir a tiempo al hospital cuando fue el momento para dar a luz a su hija Alondra.<br \/>Por su parte la alcaldesa, Alpha Tavera, afirm\u00f3 que la casa AME ser\u00e1 un lugar amplio con los servicios que se requieren para que las personas que lo necesiten y acudan est\u00e9n m\u00e1s c\u00f3modos, adem\u00e1s \u201chabr\u00e1 un ahorro importante ya que no se tendr\u00e1 que pagar renta\u201d.<br \/>Por su parte, el director de obras p\u00fablicas, Enrique Ayora Sosa, explic\u00f3 que la Casa AME tendr\u00e1 623 metros cuadrados de construcci\u00f3n y contar\u00e1 con todos los servicios necesarios.<br \/>En su turno la directora del Hospital General de Valladolid expres\u00f3 su agradecimiento a la alcaldesa debido a que los pacientes que viven en otros lugares podr\u00e1n contar con un lugar seguro para quedarse y el personal que labora en la Casa AME est\u00e1 capacitado.<br \/>Siguiendo sus actividades, la primera autoridad del municipio, Alpha Tavera, se dirigi\u00f3 hasta el fraccionamiento Santa Cruz donde puso la primera piedra para la construcci\u00f3n del parque que tendr\u00e1 una inversi\u00f3n de $3, 270, 000.<br \/>Cinthia Fern\u00e1ndez S\u00e1nchez, en representaci\u00f3n de los vecinos,  le dio la bienvenida a las autoridades y afirm\u00f3 que esta obra era un sue\u00f1o que hab\u00edan esperado durante 10 a\u00f1os \u201clas administraciones pasadas solo dec\u00edan que se construir\u00eda el parque y no lo hac\u00edan, pero ahora vemos hecho realidad el anhelo de todos los vecinos\u201d.<br \/>Por su parte, Alpha Tavera sostuvo que el espacio donde se construir\u00e1 el parque, es para que las familias vean jugar y crecer a sus hijos, \u201ces un sue\u00f1o que esperamos con mucha emoci\u00f3n\u201d.<br \/>Record\u00f3 que hab\u00edan realizado con anterioridad varias visitas con alg\u00fan funcionario y a trav\u00e9s de la federaci\u00f3n se hab\u00eda solicitado el parque, pero vino el recorte del presupuesto y no se logr\u00f3 realizar.<br \/>\u201cSin embargo, como me dec\u00eda mi mam\u00e1, soy terca e insist\u00ed con diferentes autoridades hasta que lleg\u00f3 el recurso y hoy es una realidad que s\u00ed se har\u00e1\u201d, a\u00f1adi\u00f3.<br \/>La alcaldesa al colocar la primera piedra fue acompa\u00f1ada por vecinos del rumbo y varios ni\u00f1os, con quienes bromeaba sobre una posada navide\u00f1a.<br \/>La presidenta municipal tambi\u00e9n acudi\u00f3 a la calle 30 con 27 de la colonia Fernando Novelo para supervisar la construcci\u00f3n de un cuarto que benefici\u00f3 al se\u00f1or Rosendo Tun Chimal, quien tiene a su esposa enferma y agradeci\u00f3 el apoyo otorgado debido a que durante muchos a\u00f1os luchaba para lograr tener un lugar digno, pero ninguna autoridad los tomaba en cuenta.<br \/>Posteriormente, la alcaldesa, Alpha Tavera,  se dirigi\u00f3 hasta la casa de Paola Cupul Pat, ubicada sobre la calle 29 con 30, a quien le construyeron un ba\u00f1o, lo que agradeci\u00f3 ya que, dijo, que su hija Andrea Gonzales Cupul es viuda y tiene 7 hijos, por lo que no le alcanzaba el dinero para poder construir un ba\u00f1o que mucha falta les hac\u00eda \u201cpero ahora ya lo tenemos gracias a la alcaldesa\u201d.<br \/>En la gira estuvieron presentes la secretaria de la comuna, Didia Mendoza Arzapalo, as\u00ed como los regidores Manuel Canul Cob, Elayne Medina y Silvia Fern\u00e1ndez Perera.<\/p>\n","protected":false},"excerpt":{"rendered":"<p>Alpha Tavera cumple sue\u00f1o de vecinos<\/p>\n","protected":false},"author":1018,"featured_media":0,"comment_status":"open","ping_status":"open","sticky":false,"template":"","format":"standard","meta":{"tdm_status":"","tdm_grid_status":"","footnotes":""},"categories":[21],"tags":[],"_links":{"self":[{"href":"https:\/\/dralvarez.com.mx\/larevista\/wp-json\/wp\/v2\/posts\/58724"}],"collection":[{"href":"https:\/\/dralvarez.com.mx\/larevista\/wp-json\/wp\/v2\/posts"}],"about":[{"href":"https:\/\/dralvarez.com.mx\/larevista\/wp-json\/wp\/v2\/types\/post"}],"author":[{"embeddable":true,"href":"https:\/\/dralvarez.com.mx\/larevista\/wp-json\/wp\/v2\/users\/1018"}],"replies":[{"embeddable":true,"href":"https:\/\/dralvarez.com.mx\/larevista\/wp-json\/wp\/v2\/comments?post=58724"}],"version-history":[{"count":0,"href":"https:\/\/dralvarez.com.mx\/larevista\/wp-json\/wp\/v2\/posts\/58724\/revisions"}],"wp:attachment":[{"href":"https:\/\/dralvarez.com.mx\/larevista\/wp-json\/wp\/v2\/media?parent=58724"}],"wp:term":[{"taxonomy":"category","embeddable":true,"href":"https:\/\/dralvarez.com.mx\/larevista\/wp-json\/wp\/v2\/categories?post=58724"},{"taxonomy":"post_tag","embeddable":true,"href":"https:\/\/dralvarez.com.mx\/larevista\/wp-json\/wp\/v2\/tags?post=58724"}],"curies":[{"name":"wp","href":"https:\/\/api.w.org\/{rel}","templated":true}]}}