{"id":58722,"date":"2017-10-06T00:00:00","date_gmt":"2017-10-06T06:00:00","guid":{"rendered":"https:\/\/dralvarez.com.mx\/larevista\/blog\/mauricio-sahui-quiere-ser-gobernador-18324"},"modified":"2017-10-06T00:00:00","modified_gmt":"2017-10-06T06:00:00","slug":"mauricio-sahui-quiere-ser-gobernador-18324","status":"publish","type":"post","link":"https:\/\/dralvarez.com.mx\/larevista\/yucatan\/mauricio-sahui-quiere-ser-gobernador-18324","title":{"rendered":"Mauricio Sahu\u00ed quiere ser Gobernador"},"content":{"rendered":"<p><\/p>\n<p>Especial \/ La Revista <\/p>\n<p>****************************<br \/>\u201cLos tiempos pol\u00edticos se est\u00e1n acelerando y pronto se tomar\u00e1n decisiones y una vez que nuestro partido haga lo propio, har\u00e9 lo mismo en tiempo y forma\u201d.<\/p>\n<p>******************************<\/p>\n<div>\u201cEn 2010 y 2012 hicimos campa\u00f1a para la diputaci\u00f3n local en la LIX Legislatura del Congreso de Yucat\u00e1n y la diputaci\u00f3n por el tercer Distrito Federal Electoral de Yucat\u00e1n, pero tambi\u00e9n particip\u00e9 en el espacio estudiantil y desde 2007 como presidente de partido nos toc\u00f3 construir las elecciones para 2009 y nos toc\u00f3 ganar los cinco distritos federales\u201d.<\/p>\n<p>\u201cQuiero ser Gobernador\u201d, afirm\u00f3 Mauricio Sahu\u00ed Rivero, actual Secretario de Desarrollo Social del Gobierno del Estado, en entrevista \u201cLa Revista Peninsular\u201d, en una declaraci\u00f3n con sabor a destape.<\/p>\n<p>Respetuoso de los tiempos pol\u00edticos, dijo que su prioridad es atender las responsabilidades que tiene al frente de la Sedesol la cual encabeza desde hace dos a\u00f1os despu\u00e9s de ser diputado federal.<\/p>\n<p>El pol\u00edtico espite\u00f1o declar\u00f3 que estar\u00e1 atento a las reglas de juego que establezca el Partido Revolucionario Institucional (PRI), una vez emitida la convocatoria que ser\u00e1 el momento en el que definir\u00e1 su futuro pol\u00edtico.<\/p>\n<p>\u201cLos tiempos pol\u00edticos se est\u00e1n acelerando y pronto se tomar\u00e1n decisiones y una vez que nuestro partido haga lo propio, har\u00e9 lo mismo en tiempo y forma. Por el momento hoy estamos cumpliendo con el trabajo en la Sedesol por el gran compromiso que tenemos de fortalecer la pol\u00edtica social del Estado para el bienestar de las familias yucatecas\u201d, manifest\u00f3.<\/p>\n<p>Explic\u00f3 que en caso de contender, de acuerdo al Instituto Nacional Electoral del 14 de diciembre, hasta el 11 de febrero se realizar\u00e1n las precampa\u00f1as del 30 de marzo al 27 de junio de manera oficial la campa\u00f1a constitucional.<\/p>\n<p>\u201cPor lo que para principios del mes de diciembre a lo mucho, estaremos viendo la separaci\u00f3n de los encargos p\u00fablicos de quienes sean invitados por nuestro partido a participar en las pr\u00f3ximas elecciones y si es nuestro caso haremos lo mismo\u201d, puntualiz\u00f3.<\/p>\n<p>Sahu\u00ed Rivero es un pol\u00edtico joven, pero asegur\u00f3 que se siente preparado para participar por la gubernatura de Yucat\u00e1n y no le asusta hacer campa\u00f1a, ya que es un proceso del que ha formado parte en repetidas ocasiones con \u00e9xito.<\/p>\n<p>\u201cEn 2010 y 2012 hicimos campa\u00f1a para la diputaci\u00f3n local en la LIX Legislatura del Congreso de Yucat\u00e1n y la diputaci\u00f3n por el tercer Distrito Federal Electoral de Yucat\u00e1n, pero tambi\u00e9n particip\u00e9 en el espacio estudiantil y desde 2007 como presidente de partido nos toc\u00f3 construir las elecciones para 2009 y nos toc\u00f3 ganar los cinco distritos federales\u201d, expuso.<\/p>\n<p>Sahu\u00ed Rivero afirma ser un convencido de que debe haber continuidad en el proyecto de gobierno de la entidad para consolidar muchos de los logros alcanzados durante la administraci\u00f3n del Gobernador Rolando Zapata Bello.<\/p>\n<p>Sostiene que cambiar la ruta trazada pondr\u00eda en riesgo renglones como el desarrollo econ\u00f3mico, el crecimiento de la infraestructura, la seguridad p\u00fablica y el combate a la pobreza que reportan cifras alentadoras en lo que va del sexenio.<\/p>\n<p>\u201cYucat\u00e1n no est\u00e1 para ocurrencias, no debe abandonar el rumbo que nos ha marcado la propia sociedad yucateca que nos llevar\u00e1 a condiciones de mayor bienestar\u201d abund\u00f3.<\/p>\n<p>Con 41 a\u00f1os de edad, Sahu\u00ed Rivero fue director Transporte del Gobierno del Estado y su primera encomienda fue desactivar los conflictos internos en las cooperativas de taxis, al otorgar las concesiones del servicio de manera individual.<\/p>\n<p>Como presidente del Comit\u00e9 Directivo Estatal del PRI obtuvo el triunfo en los cinco distritos federales y en 2010 recuper\u00f3 el Ayuntamiento de M\u00e9rida para su partido.<\/p>\n<p>Siendo diputado local convirti\u00f3 a la LIX Legislatura local en la m\u00e1s productiva de la historia al aprobarse 36 nuevas leyes un 90 por ciento de ellas aprobadas por unanimidad, lo que puso a prueba su capacidad de di\u00e1logo. Fue el \u00faltimo presidente de la Gran Comisi\u00f3n y el primero de la Junta de Gobierno y Coordinaci\u00f3n Pol\u00edtica.<\/p>\n<p>Como diputado federal form\u00f3 parte de la LXII Legislatura particip\u00f3 en la aprobaci\u00f3n de las reformas estructurales del pa\u00eds y fue gestor de recursos para Yucat\u00e1n como integrante de la Comisi\u00f3n de Presupuesto de la C\u00e1mara Baja.<\/p><\/div>\n","protected":false},"excerpt":{"rendered":"<p>Mauricio Sahu\u00ed Rivero es un pol\u00edtico joven preparado para participar por la gubernatura de Yucat\u00e1n y no le asusta hacer campa\u00f1a, ya que es un proceso<\/p>\n","protected":false},"author":1018,"featured_media":0,"comment_status":"open","ping_status":"open","sticky":false,"template":"","format":"standard","meta":{"tdm_status":"","tdm_grid_status":"","footnotes":""},"categories":[21],"tags":[],"_links":{"self":[{"href":"https:\/\/dralvarez.com.mx\/larevista\/wp-json\/wp\/v2\/posts\/58722"}],"collection":[{"href":"https:\/\/dralvarez.com.mx\/larevista\/wp-json\/wp\/v2\/posts"}],"about":[{"href":"https:\/\/dralvarez.com.mx\/larevista\/wp-json\/wp\/v2\/types\/post"}],"author":[{"embeddable":true,"href":"https:\/\/dralvarez.com.mx\/larevista\/wp-json\/wp\/v2\/users\/1018"}],"replies":[{"embeddable":true,"href":"https:\/\/dralvarez.com.mx\/larevista\/wp-json\/wp\/v2\/comments?post=58722"}],"version-history":[{"count":0,"href":"https:\/\/dralvarez.com.mx\/larevista\/wp-json\/wp\/v2\/posts\/58722\/revisions"}],"wp:attachment":[{"href":"https:\/\/dralvarez.com.mx\/larevista\/wp-json\/wp\/v2\/media?parent=58722"}],"wp:term":[{"taxonomy":"category","embeddable":true,"href":"https:\/\/dralvarez.com.mx\/larevista\/wp-json\/wp\/v2\/categories?post=58722"},{"taxonomy":"post_tag","embeddable":true,"href":"https:\/\/dralvarez.com.mx\/larevista\/wp-json\/wp\/v2\/tags?post=58722"}],"curies":[{"name":"wp","href":"https:\/\/api.w.org\/{rel}","templated":true}]}}