{"id":58720,"date":"2017-10-06T00:00:00","date_gmt":"2017-10-06T06:00:00","guid":{"rendered":"https:\/\/dralvarez.com.mx\/larevista\/blog\/diego-dreyfus-llega-a-merida-18322"},"modified":"2017-10-06T00:00:00","modified_gmt":"2017-10-06T06:00:00","slug":"diego-dreyfus-llega-a-merida-18322","status":"publish","type":"post","link":"https:\/\/dralvarez.com.mx\/larevista\/yucatan\/diego-dreyfus-llega-a-merida-18322","title":{"rendered":"Diego Dreyfus llega a M\u00e9rida"},"content":{"rendered":"<p><\/p>\n<p>************************<br \/>Especial \/ La Revista<\/p>\n<p>Con m\u00e1s de un mill\u00f3n de seguidores en Facebook y miles de reproducciones en YouTube, el influencer Diego Dreyfus llega a M\u00e9rida con su conferencia \u201cEl dinero s\u00ed te da la felicidad &#8230;si sabes qui\u00e9n eres\u201c.<\/p>\n<p>Durante dos horas, el famoso coach de 37 a\u00f1os hablar\u00e1 sobre c\u00f3mo impulsar el desarrollo personal y empresarial de una manera muy caracter\u00edstica y basado en su experiencia en el mundo de los negocios.<\/p>\n<p>Diego es ingeniero f\u00edsico por la Universidad Iberoamericana y actor de la CEFAC, escuela oficial de actuaci\u00f3n de TV Azteca, y  del CEA de Televisa.<\/p>\n<p>Desde los 24 a\u00f1os, comenz\u00f3 en un reconocido negocio de mercadeo en red, llegando a ser en dos a\u00f1os uno de los distribuidores m\u00e1s grandes del mundo.<\/p>\n<p>A los 31 a\u00f1os lleg\u00f3 a tener un esquema de negocio de m\u00e1s de 32 mil distribuidores independientes en m\u00e1s de seis pa\u00edses del mundo.<\/p>\n<p>En 2012 decide independizarse y comenzar a utilizar sus habilidades empresariales y de actor para comunicar de manera sistematizada su conocimiento para ayudar a otros a mejorar su calidad de vida, por medio del coaching uno a uno, training video y podcasts.<\/p>\n<p>Hoy en d\u00eda asegura que tiene una vida tal como la so\u00f1\u00f3 gracias a su constante cuestionamiento que lo empuja a mejorar diariamente.<\/p>\n<p>Para Diego lo m\u00e1s importante es ayudar a los dem\u00e1s a dise\u00f1ar una vida deseada de forma sistematizada. <\/p>\n<p>La conferencia est\u00e1 dirigida principalmente a empresarios, emprendedores,<br \/>l\u00edderes, agentes de cambio y toda aquella persona que tenga deseos de<br \/>superaci\u00f3n, trascendencia y crecimiento personal.<\/p>\n<p>Los boletos est\u00e1n a la venta en la p\u00e1gina <a target=\"_blank\" rel=\"nofollow noopener\" href=\"http:\/\/www.tusboletos.mx\">www.tusboletos.mx<\/a> , en I Want to Co, en ADO Came y en los Starbucks de Circuito Colonias y Uptown, de 3 de la tarde 9 de la noche.<\/p>\n<p>*********************************************<\/p>\n<p>Medio ambiente<\/p>\n<p>Buscan embajadores <br \/>de la justicia clim\u00e1tica<\/p>\n<p>Derivado de la creciente necesidad de sensibilizaci\u00f3n y reconocimiento en materia de cultura ambiental por ni\u00f1os y j\u00f3venes. Surge una propuesta innovadora, creciente y transformadora #PlantforthePlanet que llega a generar Alemania para el mundo, buscando fomentar la creaci\u00f3n de embajadores por la justicia clim\u00e1tica, lideres ambientales juveniles que buscan desarrollar iniciativas y proyectos de impacto social, en el \u00e1mbito de la conservaci\u00f3n, aprovechamiento sostenido y restauraci\u00f3n de espacios naturales perturbados. <\/p>\n<p>Con ayuda de una vinculaci\u00f3n interinstitucional masiva, la asociaci\u00f3n #PlantforthePlanet va a pasos firmes, haciendo ruido, para la conservaci\u00f3n de recursos naturales. <\/p>\n<p>Todos los embajadores por la justicia clim\u00e1tica, reciben previamente una capacitaci\u00f3n intensiva, que les permitir\u00e1 generar acciones de impacto local, estatal, nacional e internacional. <\/p>\n<p>Acciones con artistas de talla internacional, gerentes de las distintas dependencias de gobierno en los pa\u00edses presentes, l\u00edderes pol\u00edticos y sociales, son solo algunos de los que ya se encuentran trabajando con #PlantforthePlanet para generar as\u00ed, un verdadero despertar de conciencia y conservaci\u00f3n ambiental.<\/p>\n","protected":false},"excerpt":{"rendered":"<p>El famoso influencer enfocado en desarrollo empresarial<br \/>\ny personal ofrecer\u00e1 una conferencia el pr\u00f3ximo 18 de octubre<br \/>\na las 8:30pm en el sal\u00f3n Liban\u00e9<\/p>\n","protected":false},"author":1018,"featured_media":0,"comment_status":"open","ping_status":"open","sticky":false,"template":"","format":"standard","meta":{"tdm_status":"","tdm_grid_status":"","footnotes":""},"categories":[21],"tags":[],"_links":{"self":[{"href":"https:\/\/dralvarez.com.mx\/larevista\/wp-json\/wp\/v2\/posts\/58720"}],"collection":[{"href":"https:\/\/dralvarez.com.mx\/larevista\/wp-json\/wp\/v2\/posts"}],"about":[{"href":"https:\/\/dralvarez.com.mx\/larevista\/wp-json\/wp\/v2\/types\/post"}],"author":[{"embeddable":true,"href":"https:\/\/dralvarez.com.mx\/larevista\/wp-json\/wp\/v2\/users\/1018"}],"replies":[{"embeddable":true,"href":"https:\/\/dralvarez.com.mx\/larevista\/wp-json\/wp\/v2\/comments?post=58720"}],"version-history":[{"count":0,"href":"https:\/\/dralvarez.com.mx\/larevista\/wp-json\/wp\/v2\/posts\/58720\/revisions"}],"wp:attachment":[{"href":"https:\/\/dralvarez.com.mx\/larevista\/wp-json\/wp\/v2\/media?parent=58720"}],"wp:term":[{"taxonomy":"category","embeddable":true,"href":"https:\/\/dralvarez.com.mx\/larevista\/wp-json\/wp\/v2\/categories?post=58720"},{"taxonomy":"post_tag","embeddable":true,"href":"https:\/\/dralvarez.com.mx\/larevista\/wp-json\/wp\/v2\/tags?post=58720"}],"curies":[{"name":"wp","href":"https:\/\/api.w.org\/{rel}","templated":true}]}}