{"id":58718,"date":"2017-10-06T00:00:00","date_gmt":"2017-10-06T06:00:00","guid":{"rendered":"https:\/\/dralvarez.com.mx\/larevista\/blog\/talleres-laborales-continua-beneficiando-a-mas-trabajadores-en-esta-ocasion-en-el-parque-de-la-colonia-san-antonio-xluch-iii-18320"},"modified":"2017-10-06T00:00:00","modified_gmt":"2017-10-06T06:00:00","slug":"talleres-laborales-continua-beneficiando-a-mas-trabajadores-en-esta-ocasion-en-el-parque-de-la-colonia-san-antonio-xluch-iii-18320","status":"publish","type":"post","link":"https:\/\/dralvarez.com.mx\/larevista\/yucatan\/talleres-laborales-continua-beneficiando-a-mas-trabajadores-en-esta-ocasion-en-el-parque-de-la-colonia-san-antonio-xluch-iii-18320","title":{"rendered":"Talleres Laborales contin\u00faa beneficiando a m\u00e1s trabajadores. En esta ocasi\u00f3n en el parque de la colonia San Antonio Xluch III"},"content":{"rendered":"<\/p>\n<p>Los<br \/>\nTalleres Laborales Para Ti, En Tu Colonia\u201d un programa de varios servicios que<br \/>\nlleva a cabo la Delegaci\u00f3n Federal del Trabajo en Yucat\u00e1n en coordinaci\u00f3n con<br \/>\notras dependencias de Gobierno se realiz\u00f3 con \u00e9xito en el parque conocido como la<br \/>\n\u201cArbolada\u201d de la colonia San Antonio Xluch III, en donde poco m\u00e1s de 500 personas<br \/>\ntambi\u00e9n de colonias circunvecinas como San Jos\u00e9 Tecoh, Dzununcan, Emiliano<br \/>\nZapata Sur disfrutaron de este programa que reune a m\u00e1s de 25 dependencias<br \/>\nfederales y estatales as\u00ed como empresas ofertando sus vacantes de empleo. <\/p>\n<p>\u201cEs<br \/>\nmuy importante atender a la sociedad en la parte que nos corresponde, en la<br \/>\nDelegaci\u00f3n Federal del Trabajo impulsar los temas de capacitaci\u00f3n, la<br \/>\nvinculaci\u00f3n laboral para que exista mayores oportunidades de empleo para los<br \/>\nciudadanos. Adem\u00e1s que los trabajadores conozcan sus derechos y los programas<br \/>\nde Gobierno que se encuentran hoy en el evento\u201d recalc\u00f3 el delegado del<br \/>\ntrabajo, Ricardo B\u00e9jar. <\/p>\n<p>En<br \/>\nd\u00edas anteriores B\u00e9jar Herrera recorri\u00f3 las calles de colonias cercanas al<br \/>\nparque de San Antonio Xluch realizando la invitaci\u00f3n personalmente a todos los<br \/>\ntrabajadores para que puedan asistir al evento, as\u00ed como tambi\u00e9n resolver dudas<br \/>\ny gestiones laborales.<\/p>\n<p>Este<br \/>\nprograma de \u201cTalleres Laborales\u201d es una suma de esfuerzos en coordinaci\u00f3n con<br \/>\nel Gobierno Estatal, Federal y las C\u00e1maras Empresariales. En el evento estuvo<br \/>\npresente el C. Mart\u00edn Enrique Castillo Ruz, Secretario del Trabajo del Gobierno<br \/>\ndel Estado en representaci\u00f3n del Gobernador del Estado, Lic. Rolando Zapata<br \/>\nBello. <\/p>\n<p>Finalmente,<br \/>\nel delegado del trabajo, Ricardo B\u00e9jar agradeci\u00f3 a los asistentes por su<br \/>\nparticipaci\u00f3n y la gran respuesta que se tuvo en el evento, y realiz\u00f3 un<br \/>\nrecorrido por cada uno de los stands saludando y escuchando los programas que<br \/>\ncada dependencia tiene. Entre ellas se encontraban el INFONAVIT, IMSS, STPS,<br \/>\nJAPAY, SEDESOL, ICATEY, SEJUVE, FONACOT, PROSPERA entre otras.<\/p><\/p>\n","protected":false},"excerpt":{"rendered":"<p>Los Talleres Laborales Para Ti, En Tu Colonia\u201d un programa de varios servicios que lleva a cabo la Delegaci\u00f3n Federal del Trabajo en Yucat\u00e1n en coordi<\/p>\n","protected":false},"author":1018,"featured_media":0,"comment_status":"open","ping_status":"open","sticky":false,"template":"","format":"standard","meta":{"tdm_status":"","tdm_grid_status":"","footnotes":""},"categories":[21],"tags":[],"_links":{"self":[{"href":"https:\/\/dralvarez.com.mx\/larevista\/wp-json\/wp\/v2\/posts\/58718"}],"collection":[{"href":"https:\/\/dralvarez.com.mx\/larevista\/wp-json\/wp\/v2\/posts"}],"about":[{"href":"https:\/\/dralvarez.com.mx\/larevista\/wp-json\/wp\/v2\/types\/post"}],"author":[{"embeddable":true,"href":"https:\/\/dralvarez.com.mx\/larevista\/wp-json\/wp\/v2\/users\/1018"}],"replies":[{"embeddable":true,"href":"https:\/\/dralvarez.com.mx\/larevista\/wp-json\/wp\/v2\/comments?post=58718"}],"version-history":[{"count":0,"href":"https:\/\/dralvarez.com.mx\/larevista\/wp-json\/wp\/v2\/posts\/58718\/revisions"}],"wp:attachment":[{"href":"https:\/\/dralvarez.com.mx\/larevista\/wp-json\/wp\/v2\/media?parent=58718"}],"wp:term":[{"taxonomy":"category","embeddable":true,"href":"https:\/\/dralvarez.com.mx\/larevista\/wp-json\/wp\/v2\/categories?post=58718"},{"taxonomy":"post_tag","embeddable":true,"href":"https:\/\/dralvarez.com.mx\/larevista\/wp-json\/wp\/v2\/tags?post=58718"}],"curies":[{"name":"wp","href":"https:\/\/api.w.org\/{rel}","templated":true}]}}