{"id":58699,"date":"2017-10-06T00:00:00","date_gmt":"2017-10-06T06:00:00","guid":{"rendered":"https:\/\/dralvarez.com.mx\/larevista\/blog\/devotos-a-san-francisco-de-asis-celebraron-a-su-santo-patrono-18301"},"modified":"2017-10-06T00:00:00","modified_gmt":"2017-10-06T06:00:00","slug":"devotos-a-san-francisco-de-asis-celebraron-a-su-santo-patrono-18301","status":"publish","type":"post","link":"https:\/\/dralvarez.com.mx\/larevista\/yucatan\/devotos-a-san-francisco-de-asis-celebraron-a-su-santo-patrono-18301","title":{"rendered":"Devotos a San Francisco de As\u00eds celebraron a su santo patrono"},"content":{"rendered":"<\/p>\n<p>Kantunil, Yucat\u00e1n; 5 de octubre de 2017 (ACOM).- Fieles devotos a San Francisco de As\u00eds celebraron a su santo patrono con una misa de acci\u00f3n de gracias y posteriormente participaron en la magna procesi\u00f3n de la venerada imagen por las principales arterias de esta comunidad.<\/p>\n<p>La celebraci\u00f3n eucar\u00edstica estuvo a cargo del p\u00e1rroco Mario Cervera Ancona, quien exhort\u00f3 a sus feligreses a seguir el ejemplo de humildad de San Francisco de As\u00eds, pues \u00e9l practic\u00f3 la caridad hacia sus semejantes.<\/p>\n<p>Subray\u00f3 que esta fue una de las principales virtudes espirituales de San Francisco, quien &#8220;invita a dejar a un lado todo el materialismo que nos aleja de la verdadera ense\u00f1anza de Jes\u00fas: el de amar a nuestros semejantes&#8221;.<\/p>\n<p>El presb\u00edtero Mario camin\u00f3 con el contingente a lo largo de varias calles hasta retornar a la iglesia de la localidad, donde hubo un momento de veneraci\u00f3n por parte de los fieles cat\u00f3licos de Kantunil.<\/p>\n<p>El ambiente de fiesta fue m\u00e1s que notorio, pues adem\u00e1s de voladores, el mariachi &#8220;M\u00e9ndez&#8221; de Muxupip y una charanga tradicional llegaron a aderezar la celebraci\u00f3n con sus canciones.<\/p><\/p>\n","protected":false},"excerpt":{"rendered":"<p>Fieles devotos a San Francisco de As\u00eds celebraron a su santo patrono con una misa de acci\u00f3n de gracias y posteriormente participaron en la magna proce<\/p>\n","protected":false},"author":1018,"featured_media":0,"comment_status":"open","ping_status":"open","sticky":false,"template":"","format":"standard","meta":{"tdm_status":"","tdm_grid_status":"","footnotes":""},"categories":[21],"tags":[],"_links":{"self":[{"href":"https:\/\/dralvarez.com.mx\/larevista\/wp-json\/wp\/v2\/posts\/58699"}],"collection":[{"href":"https:\/\/dralvarez.com.mx\/larevista\/wp-json\/wp\/v2\/posts"}],"about":[{"href":"https:\/\/dralvarez.com.mx\/larevista\/wp-json\/wp\/v2\/types\/post"}],"author":[{"embeddable":true,"href":"https:\/\/dralvarez.com.mx\/larevista\/wp-json\/wp\/v2\/users\/1018"}],"replies":[{"embeddable":true,"href":"https:\/\/dralvarez.com.mx\/larevista\/wp-json\/wp\/v2\/comments?post=58699"}],"version-history":[{"count":0,"href":"https:\/\/dralvarez.com.mx\/larevista\/wp-json\/wp\/v2\/posts\/58699\/revisions"}],"wp:attachment":[{"href":"https:\/\/dralvarez.com.mx\/larevista\/wp-json\/wp\/v2\/media?parent=58699"}],"wp:term":[{"taxonomy":"category","embeddable":true,"href":"https:\/\/dralvarez.com.mx\/larevista\/wp-json\/wp\/v2\/categories?post=58699"},{"taxonomy":"post_tag","embeddable":true,"href":"https:\/\/dralvarez.com.mx\/larevista\/wp-json\/wp\/v2\/tags?post=58699"}],"curies":[{"name":"wp","href":"https:\/\/api.w.org\/{rel}","templated":true}]}}