{"id":58689,"date":"2017-10-06T00:00:00","date_gmt":"2017-10-06T06:00:00","guid":{"rendered":"https:\/\/dralvarez.com.mx\/larevista\/blog\/renan-barrera-se-anota-como-candidato-del-frente-en-yucatan-18291"},"modified":"2017-10-06T00:00:00","modified_gmt":"2017-10-06T06:00:00","slug":"renan-barrera-se-anota-como-candidato-del-frente-en-yucatan-18291","status":"publish","type":"post","link":"https:\/\/dralvarez.com.mx\/larevista\/yucatan\/renan-barrera-se-anota-como-candidato-del-frente-en-yucatan-18291","title":{"rendered":"Renan Barrera se anota como candidato del frente en Yucat\u00e1n"},"content":{"rendered":"<\/p>\n<p>El ex alcalde de M\u00e9rida, Ren\u00e1n Barrera Concha, se reuni\u00f3 con el vocero nacional del grupo pol\u00edtico Galileos, Fernando Belaunzar\u00e1n M\u00e9ndez, con miras a fortalecer lo que ser\u00eda una alianza pol\u00edtica del Frente Amplio Opositor para la candidatura a la gubernatura de Yucat\u00e1n.<\/p>\n<p>Esta reuni\u00f3n est\u00e1 revestida de gran importancia para Barrera Concha, aspirante a la gubernatura de Yucat\u00e1n, ya que representa un acercamiento m\u00e1s a los diferentes grupos pol\u00edticos que existen en la entidad para construir el triunfo en el proceso electoral del pr\u00f3ximo a\u00f1o.<\/p>\n<p>Despu\u00e9s de presentar la candidatura de Francisco Sol\u00eds Pe\u00f3n, mejor conocido como \u201cPancho Cachondo\u201d, a la alcald\u00eda de M\u00e9rida, el siguiente punto en la agenda de Balaunzar\u00e1n M\u00e9ndez fue reunirse con Barrera Concha para intercambiar puntos de vista sobre la importancia de sumar esfuerzos para conseguir arrebatarle al PRI la gubernatura de Yucat\u00e1n.<\/p>\n<p>Como un fuerte aspirante a la candidatura de Yucat\u00e1n por el Partido Acci\u00f3n Nacional (PAN), Barrera Concha tambi\u00e9n se ha reunido con el presidente del Partido de la Revoluci\u00f3n Democr\u00e1tica (PRD), Alejandro Cuevas Mena, y con varios directivos del Partido Movimiento Ciudadano para crear un Frente Amplio Opositor que garantice la victoria en suelo yucateco.<\/p>\n<p>Aprovechando la disposici\u00f3n que demostraron los integrantes del grupo pol\u00edtico Galileos para convertirse en un factor de unidad en las mesas de di\u00e1logo en los estados para integran una propuesta que sume y una las fuerzas pol\u00edticas en los estados, Barrera Concha contin\u00faa con su agenda para garantizar la elecci\u00f3n del PAN en Yucat\u00e1n.<\/p>\n<p>El ex diputado federal perredista y representante de la agrupaci\u00f3n pol\u00edtica \u201cIniciativa Galileo\u201d estuvo en M\u00e9rida y tendr\u00e1 reuniones de trabajo sobre la integraci\u00f3n del Frente Amplio Democr\u00e1tico en Yucat\u00e1n con varios actores de su mismo partido, con la finalidad de avanzar en las pl\u00e1ticas con las diferentes fuerzas de la entidad para concretar a nivel local la estrategia electoral de 2018.<\/p><\/p>\n","protected":false},"excerpt":{"rendered":"<p>El ex alcalde de M\u00e9rida, Ren\u00e1n Barrera Concha, se reuni\u00f3 con el vocero nacional del grupo pol\u00edtico Galileos, Fernando Belaunzar\u00e1n M\u00e9ndez, con miras a<\/p>\n","protected":false},"author":1018,"featured_media":0,"comment_status":"open","ping_status":"open","sticky":false,"template":"","format":"standard","meta":{"tdm_status":"","tdm_grid_status":"","footnotes":""},"categories":[21],"tags":[],"_links":{"self":[{"href":"https:\/\/dralvarez.com.mx\/larevista\/wp-json\/wp\/v2\/posts\/58689"}],"collection":[{"href":"https:\/\/dralvarez.com.mx\/larevista\/wp-json\/wp\/v2\/posts"}],"about":[{"href":"https:\/\/dralvarez.com.mx\/larevista\/wp-json\/wp\/v2\/types\/post"}],"author":[{"embeddable":true,"href":"https:\/\/dralvarez.com.mx\/larevista\/wp-json\/wp\/v2\/users\/1018"}],"replies":[{"embeddable":true,"href":"https:\/\/dralvarez.com.mx\/larevista\/wp-json\/wp\/v2\/comments?post=58689"}],"version-history":[{"count":0,"href":"https:\/\/dralvarez.com.mx\/larevista\/wp-json\/wp\/v2\/posts\/58689\/revisions"}],"wp:attachment":[{"href":"https:\/\/dralvarez.com.mx\/larevista\/wp-json\/wp\/v2\/media?parent=58689"}],"wp:term":[{"taxonomy":"category","embeddable":true,"href":"https:\/\/dralvarez.com.mx\/larevista\/wp-json\/wp\/v2\/categories?post=58689"},{"taxonomy":"post_tag","embeddable":true,"href":"https:\/\/dralvarez.com.mx\/larevista\/wp-json\/wp\/v2\/tags?post=58689"}],"curies":[{"name":"wp","href":"https:\/\/api.w.org\/{rel}","templated":true}]}}