{"id":58688,"date":"2017-10-06T00:00:00","date_gmt":"2017-10-06T06:00:00","guid":{"rendered":"https:\/\/dralvarez.com.mx\/larevista\/blog\/el-alcalde-mauricio-vila-entrega-becas-para-personas-con-discapacidad-18290"},"modified":"2017-10-06T00:00:00","modified_gmt":"2017-10-06T06:00:00","slug":"el-alcalde-mauricio-vila-entrega-becas-para-personas-con-discapacidad-18290","status":"publish","type":"post","link":"https:\/\/dralvarez.com.mx\/larevista\/yucatan\/el-alcalde-mauricio-vila-entrega-becas-para-personas-con-discapacidad-18290","title":{"rendered":"El alcalde, Mauricio Vila, entrega becas para personas con discapacidad"},"content":{"rendered":"<\/p>\n<div>La entrega de becas para personas con discapacidad ratifica el compromiso del Ayuntamiento de trabajar por una M\u00e9rida incluyente y con accesibilidad universal, al brindar a las personas m\u00e1s vulnerables apoyos que les permitan mejorar su calidad de vida, dijo el alcalde Mauricio Vila Dosal.<\/div>\n<div>&nbsp;<\/div>\n<div>Durante la entrega simb\u00f3lica de becas para personas con discapacidad para el ciclo 2017-2018, Vila Dosal se\u00f1al\u00f3 que originalmente se aprob\u00f3 la entrega de 638 becas para este per\u00edodo, pero tomando en cuenta las necesidades mayores de la poblaci\u00f3n se abre hoy una nueva convocatoria para entregar 180 m\u00e1s.<\/div>\n<div>&nbsp;<\/div>\n<div>\u2014Con esto llegamos a 818 becas para personas con alguna discapacidad permanente intelectual, auditiva o motriz, especialmente j\u00f3venes y ni\u00f1os que asisten de una a cinco veces por semana a una escuela de educaci\u00f3n especial o instituci\u00f3n de rehabilitaci\u00f3n, terapia f\u00edsica, lenguaje, auditiva, cultural, recreativa o deportiva \u2014indic\u00f3.<\/div>\n<div>&nbsp;<\/div>\n<div>El alcalde se\u00f1al\u00f3 que el monto de los apoyos generalmente se destina al transporte de las personas con discapacidad a sus terapias en los diferentes centros municipales y que los ayudan a tener una mejor calidad de vida.<\/div>\n<div>&nbsp;<\/div>\n<div>Dos beneficiarias presentes en el evento tambi\u00e9n subrayaron la utilidad de las becas para las familias de escasos recursos que tienen alg\u00fan miembro con discapacidad.<\/div>\n<div>&nbsp;<\/div>\n<div>La se\u00f1ora Consuelo Le\u00f3n quien tiene un hijo con S\u00edndrome de Down, reconoci\u00f3 la labor del Ayuntamiento de M\u00e9rida en apoyar con becas econ\u00f3micas a personas que tienen alguna discapacidad, ya que los gastos en terapias, medicamentos, educaci\u00f3n y dem\u00e1s son muchos y en ocasiones no cuentan con el recurso y se ven imposibilitados.<\/div>\n<div>&nbsp;<\/div>\n<div>\u2014Este dinero me ayudar\u00e1 para el traslado de mi hijo a sus cursos de aprendizaje que son tres veces a la semana \u2014dijo.<\/div>\n<div>&nbsp;<\/div>\n<div>Mar\u00eda Kumul Manzano acudi\u00f3 para recibir una beca para su hijo que tiene una enfermedad en la espalda, la cual le imposibilita caminar, adem\u00e1s de que tiene un soplo en el coraz\u00f3n, por lo que requiere de manera constante traslados a terapia y consultas m\u00e9dicas.<\/div>\n<div>&nbsp;<\/div>\n<div>\u2014A veces no contamos con el recurso para trasladarlo, por el problema que tiene debemos movernos en taxi y resulta costoso ir y venir, por eso los apoyos econ\u00f3micos que ofrece el Ayuntamiento, representa mucho para nosotros-coment\u00f3. <\/div>\n<div>&nbsp;<\/div>\n<div>Ante numerosos beneficiarios y sus familias, Mauricio Vila record\u00f3 que el Ayuntamiento tiene varios programas enfocados a mejorar la vida de las familias m\u00e1s vulnerables.<\/div>\n<div>&nbsp;<\/div>\n<div>Invit\u00f3 a los asistentes que lo requieran a solicitar apoyos por medio del Plan Municipal de Vivienda, que este a\u00f1o realiza 4,000 acciones entre techos, cocinas, cuartos, casas completas y ba\u00f1os adaptados para personas con necesidades especiales. Este apoyo se brinda en la Direcci\u00f3n de Desarrollo Social, ubicada en la calle 65 No. 368 entre 40 y 42 del centro. Los tel\u00e9fonos son 924 69 00 y 924 69 62.<\/div>\n<div>&nbsp;<\/div>\n<div>\u2014Tambi\u00e9n brindamos ayuda en materia de salud, a trav\u00e9s del programa M\u00e9dico a domicilio, mediante el cual un m\u00e9dico y una enfermera visitan en su casa a las personas postradas, adultos mayores que no pueden deplazarse o personas con discapacidad \u2014indic\u00f3.<\/div>\n<div>&nbsp;<\/div>\n<div>Este servicio puede solicitarse al tel\u00e9fono 982 33 29.<\/div>\n<div>&nbsp;<\/div>\n<div>Tambi\u00e9n como parte del apoyo a las familias vulnerables y personas con discapacidad, continu\u00f3, ya se entregaron m\u00e1s de 1,200 aparatos ortop\u00e9dicos, que van desde un bast\u00f3n hasta sillas de ruedas especiales.<\/div>\n<div>&nbsp;<\/div>\n<div>Record\u00f3 que las familias con hijos universitarios pueden solicitar adem\u00e1s becas de transporte urbano, que se entregan por un monto de 250 pesos mensuales, a trav\u00e9s de la direcci\u00f3n de Desarrollo Humano. Los interesados pueden solicitar informes al tel\u00e9fono 928 72 77<\/div>\n<div>&nbsp;<\/div>\n<div>A nombre de los beneficiarios, la se\u00f1ora Lucelly Lira Morales agradeci\u00f3 el apoyo que le brinda el Ayuntamiento con la beca y que utiliza para el transporte de su hija Lucelly Baeza a las terapias semanales.<\/div>\n<div>&nbsp;<\/div>\n<div>En su intervenci\u00f3n, la presidenta del DIF Municipal, Loreto Villanueva Trujillo, coment\u00f3 que las becas que se otorgan son de 450 pesos y de 350 pesos mensuales. Las cantidades se fijan seg\u00fan el estudio socioecon\u00f3mico que se realiza a las familias.<\/div>\n<div>&nbsp;<\/div>\n<div>Precis\u00f3 que de los 638 beneficiarios originalmente contemplados para recibir el apoyo en este ciclo, 126 lo reciben por primera vez y el resto ya era beneficiario de a\u00f1os anteriores.<\/div>\n<div>&nbsp;<\/div>\n<div>En el evento el alcalde entreg\u00f3 de manera simb\u00f3lica 6 becas, a Enrique \u00c1lvarez Pratts, Mar\u00eda Nancy Puc, Yajaira Cauich Pech, Lucelly Baeza Lira, Rub\u00e9n Dzib Heredia y Romero Huertas Estrella.<\/div>\n<div>&nbsp;<\/div>\n<div>En el evento estuvieron presentes tambi\u00e9n V\u00edctor Hugo Lozano Poveda, coordinador de Pol\u00edtica Comunitaria y los regidores Dafne L\u00f3pez Osorio y Arturo Sabido G\u00f3ngora.<\/div><\/p>\n","protected":false},"excerpt":{"rendered":"<p>Una admnistraci\u00f3n comprometida con la inclusi\u00f3n y oportunidades para todos.<\/p>\n","protected":false},"author":1018,"featured_media":0,"comment_status":"open","ping_status":"open","sticky":false,"template":"","format":"standard","meta":{"tdm_status":"","tdm_grid_status":"","footnotes":""},"categories":[21],"tags":[],"_links":{"self":[{"href":"https:\/\/dralvarez.com.mx\/larevista\/wp-json\/wp\/v2\/posts\/58688"}],"collection":[{"href":"https:\/\/dralvarez.com.mx\/larevista\/wp-json\/wp\/v2\/posts"}],"about":[{"href":"https:\/\/dralvarez.com.mx\/larevista\/wp-json\/wp\/v2\/types\/post"}],"author":[{"embeddable":true,"href":"https:\/\/dralvarez.com.mx\/larevista\/wp-json\/wp\/v2\/users\/1018"}],"replies":[{"embeddable":true,"href":"https:\/\/dralvarez.com.mx\/larevista\/wp-json\/wp\/v2\/comments?post=58688"}],"version-history":[{"count":0,"href":"https:\/\/dralvarez.com.mx\/larevista\/wp-json\/wp\/v2\/posts\/58688\/revisions"}],"wp:attachment":[{"href":"https:\/\/dralvarez.com.mx\/larevista\/wp-json\/wp\/v2\/media?parent=58688"}],"wp:term":[{"taxonomy":"category","embeddable":true,"href":"https:\/\/dralvarez.com.mx\/larevista\/wp-json\/wp\/v2\/categories?post=58688"},{"taxonomy":"post_tag","embeddable":true,"href":"https:\/\/dralvarez.com.mx\/larevista\/wp-json\/wp\/v2\/tags?post=58688"}],"curies":[{"name":"wp","href":"https:\/\/api.w.org\/{rel}","templated":true}]}}