{"id":58687,"date":"2017-10-06T00:00:00","date_gmt":"2017-10-06T06:00:00","guid":{"rendered":"https:\/\/dralvarez.com.mx\/larevista\/blog\/una-carrera-de-bicicletas-por-la-proteccion-animal-18289"},"modified":"2017-10-06T00:00:00","modified_gmt":"2017-10-06T06:00:00","slug":"una-carrera-de-bicicletas-por-la-proteccion-animal-18289","status":"publish","type":"post","link":"https:\/\/dralvarez.com.mx\/larevista\/yucatan\/una-carrera-de-bicicletas-por-la-proteccion-animal-18289","title":{"rendered":"Una carrera de bicicletas por la protecci\u00f3n animal"},"content":{"rendered":"<\/p>\n<p>\u201cLos yucatecos nos distinguimos por ser personas solidarias, unidas y con gran sentido humanitario y altruista, por eso, convencidos de que el deporte hace sociedades m\u00e1s sanas y familias m\u00e1s felices\u201d, dijo Liborio Vidal Aguilar, quien invit\u00f3 a los interesados a participar y ser parte de la Rodada con el #AmigoLibo.<\/p>\n<p>La carrera ser\u00e1 el pr\u00f3ximo domingo 8 de octubre a las 7:30 h, con una salida en falso desde la casa de enlace de el #AmigoLibo, ubicada en la calle 2 oriente #274 de la colonia Leandro Valle, en el perif\u00e9rico Manuel Berzunza Barbachano.<\/p>\n<p>Al ser una carrera con causa, el \u00fanico requisito de inscripci\u00f3n en cualquiera de las siete categor\u00edas es que el participante llegue con un kilo de croquetas, hasta media hora antes del evento. Cada categor\u00eda recibir\u00e1 un premio en efectivo.<\/p>\n<p>Todo lo recaudado ser\u00e1 donado a diferentes asociaciones de rescate animal por lo que los participantes ayudar\u00e1n a mejorar la situaci\u00f3n de perros y gatos sin hogar a la vez que convivir\u00e1n en un evento familiar.<\/p>\n<p>\u201cEsta es una actividad muy bonita porque permite a las personas divertirse y, a la vez, ayudar a alguien m\u00e1s. Vamos a pasar un rato agradable y al final del d\u00eda, las agrupaciones de rescate y protecci\u00f3n animal recibir\u00e1n el apoyo de la gente\u201d, se\u00f1al\u00f3.<\/p>\n<p>El equipo organizador recomend\u00f3 a los interesados usar bloqueador solar y llevar ropa adecuada para las altas temperaturas, tener la bicicleta en \u00f3ptimo estado y recordar que el uso de casco y guantes es obligatorio.<\/p>\n<p>Tambi\u00e9n recordaron que despu\u00e9s de la carrera habr\u00e1 una convivencia, la entrega de premios a los ganadores y la rifa de regalos sorpresa para los participantes.<\/p>\n<p><b>Protecci\u00f3n Animal<\/b><\/p>\n<\/p>\n<p>No es la primera ocasi\u00f3n en la que Liborio Vidal brinda apoyo para la protecci\u00f3n animal, en junio pasado organiz\u00f3 \u201cLa Gran Caninata\u201d, en el marco de la entrega de #DonoMiSueldo, que otorg\u00f3 143 mil 520 pesos en alimentos a 19 asociaciones civiles y rescatistas.<\/p><\/p>\n","protected":false},"excerpt":{"rendered":"<p>Liborio Vidal promueve la integraci\u00f3n familiar, el deporte y las acciones con causa.<\/p>\n","protected":false},"author":1018,"featured_media":0,"comment_status":"open","ping_status":"open","sticky":false,"template":"","format":"standard","meta":{"tdm_status":"","tdm_grid_status":"","footnotes":""},"categories":[21],"tags":[],"_links":{"self":[{"href":"https:\/\/dralvarez.com.mx\/larevista\/wp-json\/wp\/v2\/posts\/58687"}],"collection":[{"href":"https:\/\/dralvarez.com.mx\/larevista\/wp-json\/wp\/v2\/posts"}],"about":[{"href":"https:\/\/dralvarez.com.mx\/larevista\/wp-json\/wp\/v2\/types\/post"}],"author":[{"embeddable":true,"href":"https:\/\/dralvarez.com.mx\/larevista\/wp-json\/wp\/v2\/users\/1018"}],"replies":[{"embeddable":true,"href":"https:\/\/dralvarez.com.mx\/larevista\/wp-json\/wp\/v2\/comments?post=58687"}],"version-history":[{"count":0,"href":"https:\/\/dralvarez.com.mx\/larevista\/wp-json\/wp\/v2\/posts\/58687\/revisions"}],"wp:attachment":[{"href":"https:\/\/dralvarez.com.mx\/larevista\/wp-json\/wp\/v2\/media?parent=58687"}],"wp:term":[{"taxonomy":"category","embeddable":true,"href":"https:\/\/dralvarez.com.mx\/larevista\/wp-json\/wp\/v2\/categories?post=58687"},{"taxonomy":"post_tag","embeddable":true,"href":"https:\/\/dralvarez.com.mx\/larevista\/wp-json\/wp\/v2\/tags?post=58687"}],"curies":[{"name":"wp","href":"https:\/\/api.w.org\/{rel}","templated":true}]}}