{"id":58681,"date":"2017-10-06T00:00:00","date_gmt":"2017-10-06T06:00:00","guid":{"rendered":"https:\/\/dralvarez.com.mx\/larevista\/blog\/generar-economia-a-partir-de-los-cenotes-y-grutas-nuevo-reto-18283"},"modified":"2017-10-06T00:00:00","modified_gmt":"2017-10-06T06:00:00","slug":"generar-economia-a-partir-de-los-cenotes-y-grutas-nuevo-reto-18283","status":"publish","type":"post","link":"https:\/\/dralvarez.com.mx\/larevista\/yucatan\/generar-economia-a-partir-de-los-cenotes-y-grutas-nuevo-reto-18283","title":{"rendered":"Generar econom\u00eda a partir de los cenotes y grutas, nuevo reto"},"content":{"rendered":"<\/p>\n<p>Yucat\u00e1n cuenta con un importante recurso natural para generar econom\u00eda a trav\u00e9s de sus cenotes y grutas por lo que se requiere mayor atenci\u00f3n hacia este apartado, afirm\u00f3 Pedro Robledo Ardila, especialista del Instituto Geol\u00f3gico y Minero de Espa\u00f1a.<u><\/u><u><\/u><\/p>\n<p>De visita en M\u00e9rida para signar un convenio con la Secretar\u00eda de Desarrollo Urbano y Medio Ambiente (Seduma), el experto se\u00f1al\u00f3 que el estado ser\u00eda uno de los sitios m\u00e1s importantes en el mundo, geol\u00f3gicamente hablando, debido a que cuenta con una vasta riqueza de cenotes que pueden ser aprovechados.<u><\/u><u><\/u><\/p>\n<p>Seg\u00fan el experto, para esto se requiere de la sinergia entre autoridades, prestadores de servicios y de los propios ciudadanos que habitan en las comunidades donde se encuentran estos cuerpos.<u><\/u><u><\/u><\/p>\n<p>&#8220;A Yucat\u00e1n le falta lo que a muchos pa\u00edses, un desarrollo tur\u00edstico con nuevas tecnolog\u00edas, mejores accesos, mejor promoci\u00f3n tur\u00edstica, mayor sinergia con otros pa\u00edses que ya lo hacen. Es un camino largo pero si se logra concretar&#8221;, apunt\u00f3.<u><\/u><u><\/u><\/p>\n<p>Refiri\u00f3 que varios pa\u00edses europeos se han encaminado en esta labor y han tenido \u00e9xito luego de varios a\u00f1os, por lo que ahora son potencias en atracci\u00f3n de turistas gracias a cavernas o grutas.<u><\/u><u><\/u><\/p>\n<p>Robleda Ardila apunt\u00f3 que anualmente unas 60 millones de personas visitan cavernas o grutas en todo el mundo por lo que se trata de un nicho de mercado importante.<u><\/u><u><\/u><\/p>\n<p>En ese tenor, indic\u00f3 que se apoyar\u00e1 a la entidad para mejorar su potencial en atracci\u00f3n tur\u00edstica, con base en un programa de participaci\u00f3n en el que se orientar\u00e1 en los mecanismos necesarios para ello.<u><\/u><u><\/u><\/p>\n<p>De hecho, durante el anuncio de la adhesi\u00f3n de Yucat\u00e1n a la Asociaci\u00f3n de Cuevas Tur\u00edsticas Iberoamericanas, se propuso que la tercera convenci\u00f3n mundial que se realizar\u00e1 en 2022 de esta agrupaci\u00f3n, pueda tener como sede a Yucat\u00e1n, debido a la riqueza que el estado ofrece en la materia.<\/p><\/p>\n","protected":false},"excerpt":{"rendered":"<p>Una modalidad que pretende aprovecharse a su m\u00e1xima potencia en Yucat\u00e1n.<\/p>\n","protected":false},"author":1018,"featured_media":0,"comment_status":"open","ping_status":"open","sticky":false,"template":"","format":"standard","meta":{"tdm_status":"","tdm_grid_status":"","footnotes":""},"categories":[21],"tags":[],"_links":{"self":[{"href":"https:\/\/dralvarez.com.mx\/larevista\/wp-json\/wp\/v2\/posts\/58681"}],"collection":[{"href":"https:\/\/dralvarez.com.mx\/larevista\/wp-json\/wp\/v2\/posts"}],"about":[{"href":"https:\/\/dralvarez.com.mx\/larevista\/wp-json\/wp\/v2\/types\/post"}],"author":[{"embeddable":true,"href":"https:\/\/dralvarez.com.mx\/larevista\/wp-json\/wp\/v2\/users\/1018"}],"replies":[{"embeddable":true,"href":"https:\/\/dralvarez.com.mx\/larevista\/wp-json\/wp\/v2\/comments?post=58681"}],"version-history":[{"count":0,"href":"https:\/\/dralvarez.com.mx\/larevista\/wp-json\/wp\/v2\/posts\/58681\/revisions"}],"wp:attachment":[{"href":"https:\/\/dralvarez.com.mx\/larevista\/wp-json\/wp\/v2\/media?parent=58681"}],"wp:term":[{"taxonomy":"category","embeddable":true,"href":"https:\/\/dralvarez.com.mx\/larevista\/wp-json\/wp\/v2\/categories?post=58681"},{"taxonomy":"post_tag","embeddable":true,"href":"https:\/\/dralvarez.com.mx\/larevista\/wp-json\/wp\/v2\/tags?post=58681"}],"curies":[{"name":"wp","href":"https:\/\/api.w.org\/{rel}","templated":true}]}}