{"id":58678,"date":"2017-10-06T00:00:00","date_gmt":"2017-10-06T06:00:00","guid":{"rendered":"https:\/\/dralvarez.com.mx\/larevista\/blog\/viviendas-de-todo-tipo-al-alcance-de-los-yucatecos-18280"},"modified":"2017-10-06T00:00:00","modified_gmt":"2017-10-06T06:00:00","slug":"viviendas-de-todo-tipo-al-alcance-de-los-yucatecos-18280","status":"publish","type":"post","link":"https:\/\/dralvarez.com.mx\/larevista\/yucatan\/viviendas-de-todo-tipo-al-alcance-de-los-yucatecos-18280","title":{"rendered":"Viviendas de todo tipo al alcance de los yucatecos"},"content":{"rendered":"<\/p>\n<p>Un total de 20 empresas ofertar\u00e1n unas 3 mil 200 viviendas en 14 desarrollos inmobiliarios de la ciudad y zonas conurbada de Kanas\u00edn, Uc\u00fa y Um\u00e1n, en la Expo Vivienda que se presentar\u00e1 este fin de semana en el Centro de Convenciones Siglo XXI.<u><\/u><u><\/u><\/p>\n<p>Armando Valencia Castillo, presidente de la C\u00e1mara Nacional de la Industria de la Vivienda (Canadevi), se\u00f1al\u00f3 que si bien este a\u00f1o Yucat\u00e1n no aumentar\u00e1 sus cr\u00e9ditos a la vivienda por las restricciones del gobierno federal, a\u00fan mantiene la disponibilidad de unos 4 mil 500 cr\u00e9ditos con tasas preferenciales para adquirir una vivienda de inter\u00e9s social.<u><\/u><u><\/u><\/p>\n<p>Valencia Castillo explic\u00f3 que en esta segunda feria de 2017, la oferta de vivienda se mantiene como una de las m\u00e1s importantes, ya que M\u00e9rida es la quinta ciudad del pa\u00eds con mayor crecimiento en este sector y donde se oferta un n\u00famero importante de vivienda social.<u><\/u><u><\/u><\/p>\n<p>En esta ocasi\u00f3n se presentar\u00e1n unas 20 empresas constructoras que ofertan alternativas en importantes zonas inmobiliarias y las tradicionales empresas que mantienen sus procesos de desarrollo en las zonas del poniente de M\u00e9rida, norte u oriente, como son los desarrollos de Ciudad Caucel, Las Am\u00e9ricas y Los H\u00e9roes, en la colindancia de M\u00e9rida y Kanas\u00edn.<u><\/u><u><\/u><\/p>\n<p>\u201cEl crecimiento de la ciudad de M\u00e9rida se mantiene estable, de momento no se percibe un crecimiento brusco o una oleada de arribos, como producto de los sismos del mes de septiembre, sin embargo, es posible establecerse que M\u00e9rida, pues dispone del volumen de vivienda conforme a los procesos de demanda de inter\u00e9s social y media que se requiere\u201d, expres\u00f3.<u><\/u><u><\/u><\/p>\n<p>Detall\u00f3 que ser\u00e1n unos 24 stands los que estar\u00e1n disponibles para presentaciones, adem\u00e1s que durante las actividades las empresas constructoras dispondr\u00e1n de agentes de ventas, espacios para citas de negocios y la disponibilidad de actividades l\u00fadicas para atender el recorrido de las familias que visiten la expo.<\/p><\/p>\n","protected":false},"excerpt":{"rendered":"<p>Este fin de semana Expo Vivienda presentar\u00e1 una gama de posibilidades en casas.<\/p>\n","protected":false},"author":1018,"featured_media":0,"comment_status":"open","ping_status":"open","sticky":false,"template":"","format":"standard","meta":{"tdm_status":"","tdm_grid_status":"","footnotes":""},"categories":[21],"tags":[],"_links":{"self":[{"href":"https:\/\/dralvarez.com.mx\/larevista\/wp-json\/wp\/v2\/posts\/58678"}],"collection":[{"href":"https:\/\/dralvarez.com.mx\/larevista\/wp-json\/wp\/v2\/posts"}],"about":[{"href":"https:\/\/dralvarez.com.mx\/larevista\/wp-json\/wp\/v2\/types\/post"}],"author":[{"embeddable":true,"href":"https:\/\/dralvarez.com.mx\/larevista\/wp-json\/wp\/v2\/users\/1018"}],"replies":[{"embeddable":true,"href":"https:\/\/dralvarez.com.mx\/larevista\/wp-json\/wp\/v2\/comments?post=58678"}],"version-history":[{"count":0,"href":"https:\/\/dralvarez.com.mx\/larevista\/wp-json\/wp\/v2\/posts\/58678\/revisions"}],"wp:attachment":[{"href":"https:\/\/dralvarez.com.mx\/larevista\/wp-json\/wp\/v2\/media?parent=58678"}],"wp:term":[{"taxonomy":"category","embeddable":true,"href":"https:\/\/dralvarez.com.mx\/larevista\/wp-json\/wp\/v2\/categories?post=58678"},{"taxonomy":"post_tag","embeddable":true,"href":"https:\/\/dralvarez.com.mx\/larevista\/wp-json\/wp\/v2\/tags?post=58678"}],"curies":[{"name":"wp","href":"https:\/\/api.w.org\/{rel}","templated":true}]}}