{"id":58670,"date":"2017-10-06T00:00:00","date_gmt":"2017-10-06T06:00:00","guid":{"rendered":"https:\/\/dralvarez.com.mx\/larevista\/blog\/todo-listo-para-edicion-19-de-la-expoferia-del-comercio-18272"},"modified":"2017-10-06T00:00:00","modified_gmt":"2017-10-06T06:00:00","slug":"todo-listo-para-edicion-19-de-la-expoferia-del-comercio-18272","status":"publish","type":"post","link":"https:\/\/dralvarez.com.mx\/larevista\/yucatan\/todo-listo-para-edicion-19-de-la-expoferia-del-comercio-18272","title":{"rendered":"Todo listo para edici\u00f3n 19 de la Expoferia del Comercio"},"content":{"rendered":"<\/p>\n<p><b>M\u00e9rida, Yucat\u00e1n, 5 de octubre de<br \/>\n2017.- <\/b>La C\u00e1mara<br \/>\nNacional de Comercio, Servicios y Turismo (CANACO SERVYTUR) de M\u00e9rida, se<br \/>\ndeclar\u00f3 lista para abrir el pr\u00f3ximo 12 de octubre el tel\u00f3n de la edici\u00f3n 19 de<br \/>\nsu Expoferia del Comercio, que reunir\u00e1 en el centro de convenciones, Yucat\u00e1n<br \/>\nSiglo XXI a 450 expositores que ofrecer\u00e1n productos y servicios de calidad con<br \/>\nofertas y descuentos \u00fanicos.<\/p>\n<p>En conferencia de prensa, el<br \/>\npresidente de la CANACO M\u00e9rida, Juan Jos\u00e9 Abraham Daguer, resalt\u00f3 las<br \/>\ninnovadoras atracciones que se tendr\u00e1n del 12 al 15 de octubre en la Expoferia<br \/>\ndel Comercio, que prev\u00e9 recibir a m\u00e1s de 300 mil visitantes en cuatro d\u00edas.<\/p>\n<p>Este evento comercial considerado como<br \/>\nel m\u00e1s importante del sureste del pa\u00eds, llega a su edici\u00f3n 19, para seguir<br \/>\nconquistando al p\u00fablico local y de otros estados que vienen atra\u00eddo por sus<br \/>\nproductos, ofertas e innovaciones, y que en esta ocasi\u00f3n busca con la tem\u00e1tica<br \/>\nde la loter\u00eda mexicana, mantener viva, en las nuevas generaciones, una de las<br \/>\ntradiciones de M\u00e9xico, subray\u00f3.<\/p>\n<p>Abraham Daguer detall\u00f3 que en m\u00e1s de<br \/>\n10 mil metros cuadrados de los salones del centro de convenciones se exhibir\u00e1n:<br \/>\nRopa, calzado, l\u00ednea blanca, muebles, autom\u00f3viles, tecnolog\u00eda, artesan\u00edas,<br \/>\nproductos org\u00e1nicos y naturales, as\u00ed como de nueva creaci\u00f3n, entre muchos que<br \/>\ncautivar\u00e1n a los compradores por su calidad, dise\u00f1o y precio.<\/p>\n<p>Adem\u00e1s, en un solo sitios estar\u00e1n<br \/>\nempresas locales, nacionales y extranjeras reconocidas, al igual que se<br \/>\npromover\u00e1n a emprendedores, nuevas micro y peque\u00f1as empresas, indic\u00f3.<\/p>\n<p>La Expo de la CANACO M\u00e9rida, detall\u00f3,<br \/>\nincluir\u00e1 espect\u00e1culos art\u00edsticos y culturales, para todas las edades, al igual<br \/>\nque se contar\u00e1 con un \u00e1rea de juegos mec\u00e1nicos, la granja interactiva para<br \/>\nni\u00f1os, la pista de educaci\u00f3n vial, el \u00e1rea de comida, entre otros atractivos<br \/>\nque disfrutar\u00e1n los visitantes.<\/p>\n<p>Tambi\u00e9n, se\u00f1al\u00f3, se ofrecer\u00e1n cursos<br \/>\nde cocina, interesantes pl\u00e1ticas y se tendr\u00e1n presentaciones de nuevos<br \/>\nproductos y servicios de diversos giros, por parte de las empresas<br \/>\nparticipantes.<\/p>\n<p>El l\u00edder empresarial resalt\u00f3 que los<br \/>\nd\u00edas viernes 13, s\u00e1bado 14 y domingo 15 se realizar\u00e1n trivias para regalar<br \/>\npantallas Smart TV de 32 pulgadas, como una muestra de agradecimiento por la<br \/>\npreferencia a la Expoferia del Comercio.<\/p>\n<p>En su turno, el director Fondo Yucat\u00e1n<br \/>\nde la Secretar\u00eda de Fomento Econ\u00f3mico, Juan Carlos Azar Rivero explic\u00f3 que en<br \/>\neste a\u00f1o se contar\u00e1 con la presencia de agentes mayoristas de Estados Unidos y<br \/>\nde la capital del pa\u00eds que llegar\u00e1n a contactar proveedores de alimentos y<br \/>\ntextiles.<\/p>\n<p>En su participaci\u00f3n en la muestra<br \/>\ncomercial, la Coca Cola realizar\u00e1 una din\u00e1mica para recaudar fondos para ayudar<br \/>\na los damnificados del sismo del 19 de septiembre.<\/p>\n<p>En la Expoferia estar\u00e1n presentes el<br \/>\nAyuntamiento de M\u00e9rida, con m\u00e1s de 20 expositores, as\u00ed como la Comisi\u00f3n<br \/>\nNacional para el Desarrollo de los Pueblos Ind\u00edgenas (CDI) con artesanos de 20<br \/>\nmunicipios del estado.<\/p>\n<p>En la conferencia de prensa estuvieron presentes<br \/>\nlos delegados del CDI y Secretar\u00eda de Econom\u00eda, Jes\u00fas Vidal Peniche y Adolfo<br \/>\nPeniche P\u00e9rez, la directora de Turismo y Promoci\u00f3n Econ\u00f3mica del Ayuntamiento<br \/>\nde M\u00e9rida, Carolina C\u00e1rdenas Sosa, el presidente del comit\u00e9 organizador de la<br \/>\nExpoferia del Comercio, Iv\u00e1n Rodr\u00edguez Gasque, as\u00ed como representantes de<br \/>\nempresas patrocinadoras.&nbsp;<\/p>\n","protected":false},"excerpt":{"rendered":"<p>* Espera recibir, del 12 al 15 de octubre, a m\u00e1s de 300 mil personas.<br \/>\n* Tendr\u00e1 m\u00e1s de 450 stands de empresas que ofrecer\u00e1n ofertas y descuentos \u00fanico<\/p>\n","protected":false},"author":1018,"featured_media":0,"comment_status":"open","ping_status":"open","sticky":false,"template":"","format":"standard","meta":{"tdm_status":"","tdm_grid_status":"","footnotes":""},"categories":[21],"tags":[],"_links":{"self":[{"href":"https:\/\/dralvarez.com.mx\/larevista\/wp-json\/wp\/v2\/posts\/58670"}],"collection":[{"href":"https:\/\/dralvarez.com.mx\/larevista\/wp-json\/wp\/v2\/posts"}],"about":[{"href":"https:\/\/dralvarez.com.mx\/larevista\/wp-json\/wp\/v2\/types\/post"}],"author":[{"embeddable":true,"href":"https:\/\/dralvarez.com.mx\/larevista\/wp-json\/wp\/v2\/users\/1018"}],"replies":[{"embeddable":true,"href":"https:\/\/dralvarez.com.mx\/larevista\/wp-json\/wp\/v2\/comments?post=58670"}],"version-history":[{"count":0,"href":"https:\/\/dralvarez.com.mx\/larevista\/wp-json\/wp\/v2\/posts\/58670\/revisions"}],"wp:attachment":[{"href":"https:\/\/dralvarez.com.mx\/larevista\/wp-json\/wp\/v2\/media?parent=58670"}],"wp:term":[{"taxonomy":"category","embeddable":true,"href":"https:\/\/dralvarez.com.mx\/larevista\/wp-json\/wp\/v2\/categories?post=58670"},{"taxonomy":"post_tag","embeddable":true,"href":"https:\/\/dralvarez.com.mx\/larevista\/wp-json\/wp\/v2\/tags?post=58670"}],"curies":[{"name":"wp","href":"https:\/\/api.w.org\/{rel}","templated":true}]}}