{"id":58667,"date":"2017-10-06T00:00:00","date_gmt":"2017-10-06T06:00:00","guid":{"rendered":"https:\/\/dralvarez.com.mx\/larevista\/blog\/poder-judicial-invita-a-curso-de-oralidad-mercantil-18269"},"modified":"2017-10-06T00:00:00","modified_gmt":"2017-10-06T06:00:00","slug":"poder-judicial-invita-a-curso-de-oralidad-mercantil-18269","status":"publish","type":"post","link":"https:\/\/dralvarez.com.mx\/larevista\/yucatan\/poder-judicial-invita-a-curso-de-oralidad-mercantil-18269","title":{"rendered":"Poder Judicial invita a curso de oralidad mercantil"},"content":{"rendered":"<p>El Poder judicial del Estado invita a toda la comunidad jur\u00eddica al curso \u201cLos procedimientos orales mercantiles\u201d que tendr\u00e1 una duraci\u00f3n de 50 horas de capacitaci\u00f3n y  se realizar\u00e1  en el auditorio \u201cV\u00edctor Manuel Cervera Pacheco\u201d del recinto del Tribunal Superior de Justicia de esta ciudad de Merida, a partir del 17 de noviembre. <\/p>\n<p>Las inscripciones al curso ya est\u00e1n abiertas y el cupo es limitado. Esta capacitaci\u00f3n se da como parte de las acciones continuas que el Poder Judicial Estado brinda a los abogados, operadores judiciales y servidores p\u00fablicos relacionados con el \u00e1mbito de la justicia, para estar a la vanguardia y preparados ante la continua evoluci\u00f3n del derecho.<\/p>\n<p>El 25 de enero del presente a\u00f1o sali\u00f3 publicado en el Diario Oficial de la Federaci\u00f3n una reforma al C\u00f3digo de Comercio donde se estableci\u00f3 el plazo de un a\u00f1o, a partir de su publicaci\u00f3n, para que los juicios mercantiles cuya cuant\u00eda sea menor de un mill\u00f3n de pesos por concepto de suerte principal se realicen por la v\u00eda del juicio oral.<\/p>\n<p>En Yucat\u00e1n dese 2013 todos los juicios ordinarios cuya cuant\u00eda por concepto de suerte principal sea de  menos de $520,900 pesos se realizan por la v\u00eda del juicio oral.<\/p>\n<p>El juez del juzgado segundo mercantil y tambi\u00e9n del juzgado segundo de oralidad mercantil, Ra\u00fal Cano Calder\u00f3n y la secretaria de acuerdos del juzgado de oralidad mercantil, Cecilia Palomo Cifuentes, ser\u00e1n los ponentes que impartir\u00e1n el curso.<\/p>\n<p>El Poder Judicial del Estado pone a su disposici\u00f3n el tel\u00e9fono 9-30-06-50 extensi\u00f3n 5201 en horario de 9:00 a 14:00 horas para inscripciones, as\u00ed como para mayor informaci\u00f3n su p\u00e1gina de internet <a target=\"_blank\" rel=\"nofollow noopener\" href=\"http:\/\/www.poderjudicialyucatan.gob.mx\">www.poderjudicialyucatan.gob.mx<\/a><\/p>\n","protected":false},"excerpt":{"rendered":"<p>El Poder judicial del Estado invita a toda la comunidad jur\u00eddica al curso \u201cLos procedimientos orales mercantiles\u201d que tendr\u00e1 una duraci\u00f3n de 50 horas<\/p>\n","protected":false},"author":1018,"featured_media":0,"comment_status":"open","ping_status":"open","sticky":false,"template":"","format":"standard","meta":{"tdm_status":"","tdm_grid_status":"","footnotes":""},"categories":[21],"tags":[],"_links":{"self":[{"href":"https:\/\/dralvarez.com.mx\/larevista\/wp-json\/wp\/v2\/posts\/58667"}],"collection":[{"href":"https:\/\/dralvarez.com.mx\/larevista\/wp-json\/wp\/v2\/posts"}],"about":[{"href":"https:\/\/dralvarez.com.mx\/larevista\/wp-json\/wp\/v2\/types\/post"}],"author":[{"embeddable":true,"href":"https:\/\/dralvarez.com.mx\/larevista\/wp-json\/wp\/v2\/users\/1018"}],"replies":[{"embeddable":true,"href":"https:\/\/dralvarez.com.mx\/larevista\/wp-json\/wp\/v2\/comments?post=58667"}],"version-history":[{"count":0,"href":"https:\/\/dralvarez.com.mx\/larevista\/wp-json\/wp\/v2\/posts\/58667\/revisions"}],"wp:attachment":[{"href":"https:\/\/dralvarez.com.mx\/larevista\/wp-json\/wp\/v2\/media?parent=58667"}],"wp:term":[{"taxonomy":"category","embeddable":true,"href":"https:\/\/dralvarez.com.mx\/larevista\/wp-json\/wp\/v2\/categories?post=58667"},{"taxonomy":"post_tag","embeddable":true,"href":"https:\/\/dralvarez.com.mx\/larevista\/wp-json\/wp\/v2\/tags?post=58667"}],"curies":[{"name":"wp","href":"https:\/\/api.w.org\/{rel}","templated":true}]}}