{"id":58646,"date":"2017-10-05T00:00:00","date_gmt":"2017-10-05T06:00:00","guid":{"rendered":"https:\/\/dralvarez.com.mx\/larevista\/blog\/reciben-reconocimientos-por-capacitacion-continua-en-justicia-para-adolescentes-18248"},"modified":"2017-10-05T00:00:00","modified_gmt":"2017-10-05T06:00:00","slug":"reciben-reconocimientos-por-capacitacion-continua-en-justicia-para-adolescentes-18248","status":"publish","type":"post","link":"https:\/\/dralvarez.com.mx\/larevista\/yucatan\/reciben-reconocimientos-por-capacitacion-continua-en-justicia-para-adolescentes-18248","title":{"rendered":"Reciben reconocimientos por capacitaci\u00f3n continua en justicia para adolescentes"},"content":{"rendered":"<p>Personal de los juzgados especializados en justicia para adolescentes del Poder Judicial del Estado de Yucat\u00e1n recibieron reconocimientos correspondientes a la capacitaci\u00f3n continua que los mantiene actualizados en diversos temas relacionados con este importante sector.<\/p>\n<p>El magistrado presidente de la sala unitaria de Justicia para Adolescentes del Tribunal Superior de Justicia, Santiago Altamirano Escalante, hizo entrega de las constancias correspondientes a los servidores p\u00fablicos que cursaron esta capacitaci\u00f3n y resalt\u00f3 la relevancia de que se mantengan actualizados, dados los cambios que se han venido dando en las leyes nacionales relativas a este sector especializado de la impartici\u00f3n de justicia.<\/p>\n<p>Dijo que la especializaci\u00f3n en justicia para adolescentes es de primera importancia para quienes toman parte en los procesos.<\/p>\n<p>En el evento estuvieron presentes, adem\u00e1s del personal de juzgados, el director del Centro Especializado en la Aplicaci\u00f3n de Medidas para Adolescentes (CEAMA) Didier Escalante, la psic\u00f3loga Blanca Paulina Quintal Santamar\u00eda presidenta del Consejo T\u00e9cnico y Federico Zapata Lara jefe del departamento Jur\u00eddico de ese Centro.<\/p>\n","protected":false},"excerpt":{"rendered":"<p>Personal de los juzgados especializados en justicia para adolescentes del Poder Judicial del Estado de Yucat\u00e1n recibieron reconocimientos correspondie<\/p>\n","protected":false},"author":1018,"featured_media":0,"comment_status":"open","ping_status":"open","sticky":false,"template":"","format":"standard","meta":{"tdm_status":"","tdm_grid_status":"","footnotes":""},"categories":[21],"tags":[],"_links":{"self":[{"href":"https:\/\/dralvarez.com.mx\/larevista\/wp-json\/wp\/v2\/posts\/58646"}],"collection":[{"href":"https:\/\/dralvarez.com.mx\/larevista\/wp-json\/wp\/v2\/posts"}],"about":[{"href":"https:\/\/dralvarez.com.mx\/larevista\/wp-json\/wp\/v2\/types\/post"}],"author":[{"embeddable":true,"href":"https:\/\/dralvarez.com.mx\/larevista\/wp-json\/wp\/v2\/users\/1018"}],"replies":[{"embeddable":true,"href":"https:\/\/dralvarez.com.mx\/larevista\/wp-json\/wp\/v2\/comments?post=58646"}],"version-history":[{"count":0,"href":"https:\/\/dralvarez.com.mx\/larevista\/wp-json\/wp\/v2\/posts\/58646\/revisions"}],"wp:attachment":[{"href":"https:\/\/dralvarez.com.mx\/larevista\/wp-json\/wp\/v2\/media?parent=58646"}],"wp:term":[{"taxonomy":"category","embeddable":true,"href":"https:\/\/dralvarez.com.mx\/larevista\/wp-json\/wp\/v2\/categories?post=58646"},{"taxonomy":"post_tag","embeddable":true,"href":"https:\/\/dralvarez.com.mx\/larevista\/wp-json\/wp\/v2\/tags?post=58646"}],"curies":[{"name":"wp","href":"https:\/\/api.w.org\/{rel}","templated":true}]}}