{"id":58621,"date":"2017-10-04T00:00:00","date_gmt":"2017-10-04T06:00:00","guid":{"rendered":"https:\/\/dralvarez.com.mx\/larevista\/blog\/el-alcalde-mauricio-vila-entrega-los-trabajos-de-rehabilitacion-del-parque-de-xcumpich-18222"},"modified":"2017-10-04T00:00:00","modified_gmt":"2017-10-04T06:00:00","slug":"el-alcalde-mauricio-vila-entrega-los-trabajos-de-rehabilitacion-del-parque-de-xcumpich-18222","status":"publish","type":"post","link":"https:\/\/dralvarez.com.mx\/larevista\/yucatan\/el-alcalde-mauricio-vila-entrega-los-trabajos-de-rehabilitacion-del-parque-de-xcumpich-18222","title":{"rendered":"El alcalde Mauricio Vila entrega los trabajos de rehabilitaci\u00f3n del parque de Xcumpich"},"content":{"rendered":"<\/p>\n<div>El alcalde Mauricio Vila entreg\u00f3 a vecinos de Xcumpich los trabajos de rehabilitaci\u00f3n del parque ubicado en el centro de esta colonia, ubicada en el rumbo de la ex hacienda del mismo nombre, al norte de la ciudad.<\/div>\n<div>&nbsp;<\/div>\n<div>Con varias d\u00e9cadas sin una intervenci\u00f3n integral, el nuevo espacio p\u00fablico pas\u00f3 de ser una cancha con \u00e1reas desaprovechadas y sin juegos infantiles en un nuevo centro de convivencia que ahora cuenta con juegos nuevos, modernos y seguros para ni\u00f1os, andadores, aparatos ejercitadores, renovadas \u00e1reas verdes y una cancha de usos m\u00faltiples para el disfrute comunitario.<\/div>\n<div>&nbsp;<\/div>\n<div>Tambi\u00e9n cuenta con un \u00e1rea para que ni\u00f1os y j\u00f3venes puedan manejar la bicicleta, andar en patines o manejar triciclos. El  renovado espacio, resultado de una antigua demanda de los vecinos de la zona, est\u00e1 equipado con 18 bancas y 7 mesas tipo pic-nic y 16 botes de basura.<\/div>\n<div>&nbsp;<\/div>\n<div>Acompa\u00f1ado de su hijo Santiago, Virgilio Crespo M\u00e9ndez y Cecilia Patr\u00f3n Laviada, directores de Obras P\u00fablicas y Desarrollo Social, respectivamente, el presidente municipal salud\u00f3 a los vecinos, recorri\u00f3 con ellos las nuevas instalaciones del parque y entreg\u00f3 equipo deportivo como balones de futbol, basquetbol y voleibol y redes. Asimismo efectu\u00f3 la patada inaugural &nbsp;de los torneos que tendr\u00e1n lugar en la nueva cancha de usos m\u00faltiples que cuenta con una malla cicl\u00f3nica.<\/div>\n<div>&nbsp;<\/div>\n<div>Todo el parque cuenta ahora con iluminaci\u00f3n con reflectores led, luminarias y un sistema de riego.<\/div>\n<div>&nbsp;<\/div>\n<div>La joven Isabel Canul Tun, vecina de Xcumpich, acudi\u00f3 con sus sobrinos para disfrutar de las instalaciones, al igual que Sabrina Mart\u00edn Canto, quien manifest\u00f3 que ya las mujeres del lugar se est\u00e1n poniendo de acuerdo para realizar sus rutinas de zumba e inscribir a los ni\u00f1os y j\u00f3venes a los campeonatos de futbol.<\/div>\n<div>&nbsp;<\/div>\n<div>El nuevo espacio recreativo de Xcumpich forma parte del sistema de gesti\u00f3n de espacios p\u00fablicos de M\u00e9rida en el que los vecinos y la comunidad aportan ideas para mejorarlos, hacerlos suyos y vigilar su cuidado.<\/div>\n<div>&nbsp;<\/div>\n<div>Para la realizaci\u00f3n de estos trabajos se ejerci\u00f3 un recurso de $4.7 millones.<\/div>\n<p><\/p>\n","protected":false},"excerpt":{"rendered":"<p>Vecinos de la zona cuentan con renovado espacio para la convivencia<\/p>\n","protected":false},"author":1018,"featured_media":0,"comment_status":"open","ping_status":"open","sticky":false,"template":"","format":"standard","meta":{"tdm_status":"","tdm_grid_status":"","footnotes":""},"categories":[21],"tags":[],"_links":{"self":[{"href":"https:\/\/dralvarez.com.mx\/larevista\/wp-json\/wp\/v2\/posts\/58621"}],"collection":[{"href":"https:\/\/dralvarez.com.mx\/larevista\/wp-json\/wp\/v2\/posts"}],"about":[{"href":"https:\/\/dralvarez.com.mx\/larevista\/wp-json\/wp\/v2\/types\/post"}],"author":[{"embeddable":true,"href":"https:\/\/dralvarez.com.mx\/larevista\/wp-json\/wp\/v2\/users\/1018"}],"replies":[{"embeddable":true,"href":"https:\/\/dralvarez.com.mx\/larevista\/wp-json\/wp\/v2\/comments?post=58621"}],"version-history":[{"count":0,"href":"https:\/\/dralvarez.com.mx\/larevista\/wp-json\/wp\/v2\/posts\/58621\/revisions"}],"wp:attachment":[{"href":"https:\/\/dralvarez.com.mx\/larevista\/wp-json\/wp\/v2\/media?parent=58621"}],"wp:term":[{"taxonomy":"category","embeddable":true,"href":"https:\/\/dralvarez.com.mx\/larevista\/wp-json\/wp\/v2\/categories?post=58621"},{"taxonomy":"post_tag","embeddable":true,"href":"https:\/\/dralvarez.com.mx\/larevista\/wp-json\/wp\/v2\/tags?post=58621"}],"curies":[{"name":"wp","href":"https:\/\/api.w.org\/{rel}","templated":true}]}}