{"id":58612,"date":"2017-10-04T00:00:00","date_gmt":"2017-10-04T06:00:00","guid":{"rendered":"https:\/\/dralvarez.com.mx\/larevista\/blog\/con-mas-de-35-toneladas-de-donativos-sale-envio-hacia-chiapas-18212"},"modified":"2017-10-04T00:00:00","modified_gmt":"2017-10-04T06:00:00","slug":"con-mas-de-35-toneladas-de-donativos-sale-envio-hacia-chiapas-18212","status":"publish","type":"post","link":"https:\/\/dralvarez.com.mx\/larevista\/yucatan\/con-mas-de-35-toneladas-de-donativos-sale-envio-hacia-chiapas-18212","title":{"rendered":"Con m\u00e1s de 35 toneladas de donativos, sale env\u00edo hacia Chiapas"},"content":{"rendered":"<\/p>\n<p>M\u00e9rida, Yucat\u00e1n, 4 de octubre de 2017.- Osos de peluche, balones de f\u00fatbol, catres, lonas, material curativo, herramientas de limpieza y v\u00edveres son algunos de los productos que Yucat\u00e1n env\u00eda a Chiapas, como parte de la segunda etapa de acopio convocada por el Sistema para el Desarrollo Integral de la Familia (DIF) nacional, en coordinaci\u00f3n con los Gobiernos de las entidades afectadas por el terremoto.<\/p>\n<p>Antes de encabezar el banderazo de salida de un tr\u00e1iler con m\u00e1s de 35 toneladas de donativos, la Presidenta del DIF Yucat\u00e1n, Sarita Blancarte de Zapata, constat\u00f3 que se encuentren debidamente clasificados los productos recibidos en el centro de acopio ubicado en la avenida Miguel Alem\u00e1n de esta ciudad, sobre todo los medicamentos.<\/p>\n<p>Por su parte, el director General del organismo de asistencia social, Jos\u00e9 Limber Sosa Lara, inform\u00f3 que en esta ocasi\u00f3n, Grupo La Anita aport\u00f3 el transporte y los gastos de combustible, adem\u00e1s de que ya se ha enviado m\u00e1s de 468 toneladas de ayuda humanitaria hacia diversas zonas del pa\u00eds.<\/p>\n<p>Asimismo el funcionario declar\u00f3 que, m\u00e1s que alimentos, esta vez se lleva casas de campa\u00f1a, lonas, colchonetas, cobijas, catres, cuerdas, juguetes, libros para colorear y l\u00e1pices de colores.<\/p>\n<p>Durante la carga del veh\u00edculo, integrantes del Grupo Cero, Cindy Acosta Guerrero y Alejandro Pech C\u00e1mara, junto con sus compa\u00f1eros, entregaron en las instalaciones del DIF todo lo que recolectaron en el parque de La Mejorada, acto altruista al que se sumaron cientos de ciudadanos.<\/p>\n<p>\u201cLuego de escuchar las noticias y de valorar que nosotros estamos bien, decidimos organizarnos para reunir alimentos, cascos, sogas, s\u00e1banas, ropa y todo lo que los meridanos pudieron llevar para ayudar. De martes a domingo, estuvimos de 9:00 a 20:00 horas en el Centro y la respuesta fue positiva. Es importante estar atentos a la informaci\u00f3n oficial y no dejar que comentarios negativos acaben con nuestra uni\u00f3n, solidaridad y confianza\u201d, dijo Acosta Guerrero.<\/p>\n<p>Las autoridades recordaron que el centro de acopio del DIF Yucat\u00e1n continuar\u00e1 recibiendo donativos hasta el 15 de octubre, de lunes a viernes entre las 8:00 y las 18:00 horas.<\/p>\n<p><\/p>\n","protected":false},"excerpt":{"rendered":"<p>Son productos que, tras diagn\u00f3stico, el DIF nacional solicit\u00f3 en una segunda etapa de apoyo.<\/p>\n","protected":false},"author":1018,"featured_media":0,"comment_status":"open","ping_status":"open","sticky":false,"template":"","format":"standard","meta":{"tdm_status":"","tdm_grid_status":"","footnotes":""},"categories":[21],"tags":[],"_links":{"self":[{"href":"https:\/\/dralvarez.com.mx\/larevista\/wp-json\/wp\/v2\/posts\/58612"}],"collection":[{"href":"https:\/\/dralvarez.com.mx\/larevista\/wp-json\/wp\/v2\/posts"}],"about":[{"href":"https:\/\/dralvarez.com.mx\/larevista\/wp-json\/wp\/v2\/types\/post"}],"author":[{"embeddable":true,"href":"https:\/\/dralvarez.com.mx\/larevista\/wp-json\/wp\/v2\/users\/1018"}],"replies":[{"embeddable":true,"href":"https:\/\/dralvarez.com.mx\/larevista\/wp-json\/wp\/v2\/comments?post=58612"}],"version-history":[{"count":0,"href":"https:\/\/dralvarez.com.mx\/larevista\/wp-json\/wp\/v2\/posts\/58612\/revisions"}],"wp:attachment":[{"href":"https:\/\/dralvarez.com.mx\/larevista\/wp-json\/wp\/v2\/media?parent=58612"}],"wp:term":[{"taxonomy":"category","embeddable":true,"href":"https:\/\/dralvarez.com.mx\/larevista\/wp-json\/wp\/v2\/categories?post=58612"},{"taxonomy":"post_tag","embeddable":true,"href":"https:\/\/dralvarez.com.mx\/larevista\/wp-json\/wp\/v2\/tags?post=58612"}],"curies":[{"name":"wp","href":"https:\/\/api.w.org\/{rel}","templated":true}]}}