{"id":58611,"date":"2017-10-04T00:00:00","date_gmt":"2017-10-04T06:00:00","guid":{"rendered":"https:\/\/dralvarez.com.mx\/larevista\/blog\/instalaciones-dignas-para-los-derechohabientes-del-isstey-18211"},"modified":"2017-10-04T00:00:00","modified_gmt":"2017-10-04T06:00:00","slug":"instalaciones-dignas-para-los-derechohabientes-del-isstey-18211","status":"publish","type":"post","link":"https:\/\/dralvarez.com.mx\/larevista\/yucatan\/instalaciones-dignas-para-los-derechohabientes-del-isstey-18211","title":{"rendered":"Instalaciones dignas para los derechohabientes del Isstey"},"content":{"rendered":"<\/p>\n<p>M\u00e9rida, Yucat\u00e1n, 03 de octubre de 2017.- Despu\u00e9s de funcionar por 21 a\u00f1os en instalaciones prestadas, el Centro de Apoyo a la Educaci\u00f3n Especial (CAEE) del Instituto de Seguridad Social para los Trabajadores del Estado de Yucat\u00e1n (Isstey) cuenta desde hoy con edificio propio para beneficio de 67 alumnos: 40 ni\u00f1os y 27 ni\u00f1as, cuyas edades van desde los 45 d\u00edas hasta los siete a\u00f1os.<\/p>\n<p>\u201cNuestro agradecimiento por el esfuerzo que han hecho por nosotros, los padres de familia, y nuestros hijos\u201d, dijo emocionada Teresita de Jes\u00fas C\u00e1ceres Medina, tras el corte de list\u00f3n inaugural y la develaci\u00f3n de la placa alusiva por parte de Alejandro Ojeda Manzano, director del Centro de Rehabilitaci\u00f3n y Educaci\u00f3n Especial (CREE), en representaci\u00f3n del director General del Sistema para el Desarrollo Integral de la Familia (DIF) Yucat\u00e1n, Limber Sosa Lara, y en presencia de la directora General del Instituto, Gabriela C\u00e1ceres Vergara.<\/p>\n<p>Para acondicionar el edificio se invirtieron 3\u2019111,023.75 pesos, tanto en la obra como material did\u00e1ctico y \u00fatiles de ense\u00f1anza, mobiliario, entre otros aspectos. El objetivo es ofrecer mayor comodidad en los servicios que proporciona el CAEE a los derechohabientes.<\/p>\n<p>\u201cCuando los visit\u00e9 una tarde de mayo pasado observ\u00e9 a los padres de familia que esperaban a sus peque\u00f1os, mientras estaban en la terapia, bajo la sombra de un \u00e1rbol y con el intenso sol y calor propio de nuestra regi\u00f3n. Me hice el compromiso de que contaran con instalaciones dignas, como lo ha expresado el gobernador Rolando Zapata Bello y aqu\u00ed est\u00e1 la palabra cumplida\u201d, asever\u00f3 C\u00e1ceres Vergara.<\/p>\n<p>\u201cAhora lo que sigue es que participen en el mayor n\u00famero de cursos, talleres y diplomados para contar con personal con mayor nivel de preparaci\u00f3n para atender a nuestros ni\u00f1os\u201d, agreg\u00f3.<\/p>\n<p>Record\u00f3 que actualmente el CAEE cuenta con diversos especialistas: tres en lenguaje, tres psic\u00f3logos infantiles, dos en aprendizaje, dos de psic\u00f3logos familiares y dos terapeutas f\u00edsicos, quienes est\u00e1n a cargo de proporcionar terapia y las herramientas necesarias para que los infantes que ingresan logren la inclusi\u00f3n social y escolar.<\/p>\n<p>El CAEE, que ahora funciona en la calle 60 No. 425 por 47 en Santa Ana, se cre\u00f3 en septiembre de 1996, en el turno vespertino; surge de la necesidad de proporcionar los elementos necesarios para favorecer la inclusi\u00f3n escolar y social de los ni\u00f1os con necesidades educativas especiales, con discapacidad o sin ella. Ofrece sus servicios a los ni\u00f1os de las Estancias Infantiles del Instituto (Cendi), as\u00ed como a los v\u00e1stagos de los trabajadores del Gobierno del Estado en general.<\/p>\n<p>Adem\u00e1s de la directora del CAEE, Sah\u00eda Farah Viladi\u00fa, asistieron Flor de Los \u00c1ngeles Escalante Centeno, directora de Educaci\u00f3n Especial de la Segey; Henry G\u00f3mez Rodr\u00edguez, presidente de la Asociaci\u00f3n de Jubilados y Pensionados por el Gobierno del Estado A.C.; Jervis Garc\u00eda V\u00e1zquez, secretario General del Sindicato de Trabajadores al Servicio del Estado de Yucat\u00e1n; Jos\u00e9 Gonz\u00e1lez Quintal, secretario General del Sindicato del Isstey; y Mar\u00eda Jos\u00e9 Segovia Lugo, titular del Organismo de Extensi\u00f3n Educativa y Servicios a la Primera Infancia.<\/p>\n<p><\/p>\n","protected":false},"excerpt":{"rendered":"<p>Inauguran edificio del CAEE.<\/p>\n","protected":false},"author":1018,"featured_media":0,"comment_status":"open","ping_status":"open","sticky":false,"template":"","format":"standard","meta":{"tdm_status":"","tdm_grid_status":"","footnotes":""},"categories":[21],"tags":[],"_links":{"self":[{"href":"https:\/\/dralvarez.com.mx\/larevista\/wp-json\/wp\/v2\/posts\/58611"}],"collection":[{"href":"https:\/\/dralvarez.com.mx\/larevista\/wp-json\/wp\/v2\/posts"}],"about":[{"href":"https:\/\/dralvarez.com.mx\/larevista\/wp-json\/wp\/v2\/types\/post"}],"author":[{"embeddable":true,"href":"https:\/\/dralvarez.com.mx\/larevista\/wp-json\/wp\/v2\/users\/1018"}],"replies":[{"embeddable":true,"href":"https:\/\/dralvarez.com.mx\/larevista\/wp-json\/wp\/v2\/comments?post=58611"}],"version-history":[{"count":0,"href":"https:\/\/dralvarez.com.mx\/larevista\/wp-json\/wp\/v2\/posts\/58611\/revisions"}],"wp:attachment":[{"href":"https:\/\/dralvarez.com.mx\/larevista\/wp-json\/wp\/v2\/media?parent=58611"}],"wp:term":[{"taxonomy":"category","embeddable":true,"href":"https:\/\/dralvarez.com.mx\/larevista\/wp-json\/wp\/v2\/categories?post=58611"},{"taxonomy":"post_tag","embeddable":true,"href":"https:\/\/dralvarez.com.mx\/larevista\/wp-json\/wp\/v2\/tags?post=58611"}],"curies":[{"name":"wp","href":"https:\/\/api.w.org\/{rel}","templated":true}]}}