{"id":58608,"date":"2017-10-04T00:00:00","date_gmt":"2017-10-04T06:00:00","guid":{"rendered":"https:\/\/dralvarez.com.mx\/larevista\/blog\/se-celebra-el-34-aniversario-del-plantel-tizimin-del-conalep-18208"},"modified":"2017-10-04T00:00:00","modified_gmt":"2017-10-04T06:00:00","slug":"se-celebra-el-34-aniversario-del-plantel-tizimin-del-conalep-18208","status":"publish","type":"post","link":"https:\/\/dralvarez.com.mx\/larevista\/yucatan\/se-celebra-el-34-aniversario-del-plantel-tizimin-del-conalep-18208","title":{"rendered":"Se celebra el 34 aniversario del plantel Tizim\u00edn del Conalep"},"content":{"rendered":"<\/p>\n<div>Tizim\u00edn, Yucat\u00e1n, 4 de octubre de 2017.- Con la participaci\u00f3n de cientos de j\u00f3venes, se realiz\u00f3 la Gran Carrera del Colegio Nacional de Educaci\u00f3n Profesional T\u00e9cnica (Conalep) en el marco de los festejos por el 34 aniversario del plantel  Tizim\u00edn.<\/div>\n<div>El director General de la instituci\u00f3n, Jorge Sobrino Arg\u00e1ez, subray\u00f3 la importancia que tiene el referido centro escolar en la zona, ya que es la principal elecci\u00f3n para los egresados de las secundarias de la demarcaci\u00f3n y sus alrededores.<\/div>\n<div>\u201cEs grato llegar a un plantel como el de Tizim\u00edn en donde todos los maestros, administrativos y hasta el mismo director te reciben con los brazos abiertos y eso se ve reflejado en el funcionamiento y en la calidad de educaci\u00f3n que aqu\u00ed se imparte. Por algo son la primera opci\u00f3n en su municipio, lo que les ha llevado a firmar convenios importantes y contar con un gran n\u00famero de alumnos destacados\u201d, precis\u00f3.<\/div>\n<div>Actualmente, este colegio es uno de los m\u00e1s grandes con los que cuenta el estado, gracias a la entrega y dedicaci\u00f3n de todo su personal, que bajo la titularidad del ingeniero Miguel Aguayo Arceo ha logrado dinamizar las actitudes y aptitudes de cada uno de los matriculados.<\/div>\n<div>\u201cNo cabe la menor duda de que en Tizim\u00edn seguimos siendo punta de lanza a nivel educativo. Los j\u00f3venes hoy en d\u00eda primero piensan en el Conalep y luego en otras preparatorias, porque aqu\u00ed se forman profesionales t\u00e9cnicos de calidad, quienes de manera r\u00e1pida encuentran trabajo en su municipio o fuera del mismo\u201d, manifest\u00f3 Sobrino Arg\u00e1ez.<\/div>\n<div>En el evento deportivo se realizaron las diversas premiaciones para los ganadores de la Carrera, as\u00ed como m\u00faltiples actividades atl\u00e9ticas y recreativas en las que participaron los alumnos y maestros del citado plantel.<\/div>\n<div>Al festejo asistieron el alcalde anfitri\u00f3n, Jorge Vales Traconis, y su esposa la presidenta del Sistema para el Desarrollo Integral de la Familia (DIF) de Tizim\u00edn, Ivonne del R\u00edo P\u00e9rez, as\u00ed como la directora del plantel Valladolid del Conalep, Yara Ivonne Baeza Zetina, y regidores del Ayuntamiento sede. &nbsp;<\/div>\n<p><\/p>\n","protected":false},"excerpt":{"rendered":"<p>Se celebra el 34 aniversario del plantel Tizim\u00edn del Conalep.<\/p>\n","protected":false},"author":1018,"featured_media":0,"comment_status":"open","ping_status":"open","sticky":false,"template":"","format":"standard","meta":{"tdm_status":"","tdm_grid_status":"","footnotes":""},"categories":[21],"tags":[],"_links":{"self":[{"href":"https:\/\/dralvarez.com.mx\/larevista\/wp-json\/wp\/v2\/posts\/58608"}],"collection":[{"href":"https:\/\/dralvarez.com.mx\/larevista\/wp-json\/wp\/v2\/posts"}],"about":[{"href":"https:\/\/dralvarez.com.mx\/larevista\/wp-json\/wp\/v2\/types\/post"}],"author":[{"embeddable":true,"href":"https:\/\/dralvarez.com.mx\/larevista\/wp-json\/wp\/v2\/users\/1018"}],"replies":[{"embeddable":true,"href":"https:\/\/dralvarez.com.mx\/larevista\/wp-json\/wp\/v2\/comments?post=58608"}],"version-history":[{"count":0,"href":"https:\/\/dralvarez.com.mx\/larevista\/wp-json\/wp\/v2\/posts\/58608\/revisions"}],"wp:attachment":[{"href":"https:\/\/dralvarez.com.mx\/larevista\/wp-json\/wp\/v2\/media?parent=58608"}],"wp:term":[{"taxonomy":"category","embeddable":true,"href":"https:\/\/dralvarez.com.mx\/larevista\/wp-json\/wp\/v2\/categories?post=58608"},{"taxonomy":"post_tag","embeddable":true,"href":"https:\/\/dralvarez.com.mx\/larevista\/wp-json\/wp\/v2\/tags?post=58608"}],"curies":[{"name":"wp","href":"https:\/\/api.w.org\/{rel}","templated":true}]}}