{"id":58598,"date":"2017-10-04T00:00:00","date_gmt":"2017-10-04T06:00:00","guid":{"rendered":"https:\/\/dralvarez.com.mx\/larevista\/blog\/luchar-contra-las-injusticias-y-crear-mas-historias-de-exito-y-superacion-meta-de-la-diputada-zacil-moguel-manzur-18198"},"modified":"2017-10-04T00:00:00","modified_gmt":"2017-10-04T06:00:00","slug":"luchar-contra-las-injusticias-y-crear-mas-historias-de-exito-y-superacion-meta-de-la-diputada-zacil-moguel-manzur-18198","status":"publish","type":"post","link":"https:\/\/dralvarez.com.mx\/larevista\/yucatan\/luchar-contra-las-injusticias-y-crear-mas-historias-de-exito-y-superacion-meta-de-la-diputada-zacil-moguel-manzur-18198","title":{"rendered":"Luchar contra las injusticias y crear m\u00e1s historias de \u00e9xito y superaci\u00f3n, meta de la diputada Zacil Moguel Manzur"},"content":{"rendered":"<p>\u201cComo diputada busco defender y conseguir que las personas tengan las mismas oportunidades para salir adelante. Es importante apoyar iniciativas para promover la lucha contra las injusticias y tenemos que aceptar, a\u00fan existen condiciones de discriminaci\u00f3n en Yucat\u00e1n, una de ellas, hacia la mujer\u201d, afirm\u00f3 la diputada federal Zacil Moguel. La legisladora se refiri\u00f3 a los casos de discriminaci\u00f3n laboral, \u201cen que por el hecho de ser mujer, o por ser mam\u00e1s, se les hace menos o se les vulneran sus derechos, cuando debiera ser una condici\u00f3n en que se les proteja y oriente en todo momento\u201d. \u201cHace poco recib\u00ed el caso de Karla, que al volver de su incapacidad por maternidad, descubri\u00f3 que le rebajaron su sueldo. Ya la estoy asesorando para que se haga valer la ley\u201d, coment\u00f3. La ayuda que se da en este caso \u201cno tiene costo, porque es mi obligaci\u00f3n como servidora p\u00fablica y mi compromiso como buena yucateca\u201d. La diputada Zacil Moguel invit\u00f3 a los yucatecos a unirse al proyecto, estar atentos a todo lo que sea injusto y trabajar juntos para crear nuevas historias de superaci\u00f3n y \u00e9xito. \u201cJuntos logremos que lo dif\u00edcil se convierta en facilidades para que m\u00e1s yucatecos alcancen sus sue\u00f1os\u201d<\/p>\n<p><\/p>\n","protected":false},"excerpt":{"rendered":"<p>La diputada Zacil Moguel invit\u00f3 a los yucatecos a unirse al proyecto.<\/p>\n","protected":false},"author":1018,"featured_media":0,"comment_status":"open","ping_status":"open","sticky":false,"template":"","format":"standard","meta":{"tdm_status":"","tdm_grid_status":"","footnotes":""},"categories":[21],"tags":[],"_links":{"self":[{"href":"https:\/\/dralvarez.com.mx\/larevista\/wp-json\/wp\/v2\/posts\/58598"}],"collection":[{"href":"https:\/\/dralvarez.com.mx\/larevista\/wp-json\/wp\/v2\/posts"}],"about":[{"href":"https:\/\/dralvarez.com.mx\/larevista\/wp-json\/wp\/v2\/types\/post"}],"author":[{"embeddable":true,"href":"https:\/\/dralvarez.com.mx\/larevista\/wp-json\/wp\/v2\/users\/1018"}],"replies":[{"embeddable":true,"href":"https:\/\/dralvarez.com.mx\/larevista\/wp-json\/wp\/v2\/comments?post=58598"}],"version-history":[{"count":0,"href":"https:\/\/dralvarez.com.mx\/larevista\/wp-json\/wp\/v2\/posts\/58598\/revisions"}],"wp:attachment":[{"href":"https:\/\/dralvarez.com.mx\/larevista\/wp-json\/wp\/v2\/media?parent=58598"}],"wp:term":[{"taxonomy":"category","embeddable":true,"href":"https:\/\/dralvarez.com.mx\/larevista\/wp-json\/wp\/v2\/categories?post=58598"},{"taxonomy":"post_tag","embeddable":true,"href":"https:\/\/dralvarez.com.mx\/larevista\/wp-json\/wp\/v2\/tags?post=58598"}],"curies":[{"name":"wp","href":"https:\/\/api.w.org\/{rel}","templated":true}]}}