{"id":58597,"date":"2017-10-04T00:00:00","date_gmt":"2017-10-04T06:00:00","guid":{"rendered":"https:\/\/dralvarez.com.mx\/larevista\/blog\/la-zona-economica-especial-en-yucatan-nicho-de-oportunidad-para-jovenes-18197"},"modified":"2017-10-04T00:00:00","modified_gmt":"2017-10-04T06:00:00","slug":"la-zona-economica-especial-en-yucatan-nicho-de-oportunidad-para-jovenes-18197","status":"publish","type":"post","link":"https:\/\/dralvarez.com.mx\/larevista\/yucatan\/la-zona-economica-especial-en-yucatan-nicho-de-oportunidad-para-jovenes-18197","title":{"rendered":"La Zona Econ\u00f3mica Especial en Yucat\u00e1n, nicho de oportunidad para j\u00f3venes"},"content":{"rendered":"<p>M\u00e9rida, Yucat\u00e1n, 3 de octubre de 2017.- El establecimiento de una Zona Econ\u00f3mica Especial (ZEE) en el estado representa una oportunidad de empleo para los j\u00f3venes que cursan las carreras relacionadas con el sector de tecnolog\u00edas de la informaci\u00f3n, cuyo perfil demandar\u00e1n las empresas del ramo que lleguen a la entidad, afirm\u00f3 el titular de la Secretar\u00eda T\u00e9cnica de Planeaci\u00f3n y Evaluaci\u00f3n (Seplan), Guillermo Cort\u00e9s Gonz\u00e1lez, durante un encuentro con estudiantes de la Universidad Polit\u00e9cnica de Yucat\u00e1n (UPY).<br \/>&nbsp;<br \/>Como parte de una nueva jornada del programa \u201cEval\u00faa a tu Gobierno\u201d, que se llev\u00f3 a cabo en esa casa de estudios, el funcionario resalt\u00f3 que adem\u00e1s de la instalaci\u00f3n de compa\u00f1\u00edas de base tecnol\u00f3gica, la ZEE tambi\u00e9n traer\u00e1 como beneficio las fuentes de trabajo que se abrir\u00e1n y la opci\u00f3n que tendr\u00e1n las firmas locales en el tema de la proveedur\u00eda.<br \/>&nbsp;<br \/>\u201cLa Zona Econ\u00f3mica Especial de Yucat\u00e1n se enfocar\u00e1 a las tecnolog\u00edas de la informaci\u00f3n, por lo tanto, los j\u00f3venes que se preparan en esta universidad tienen muchas posibilidades de poner en pr\u00e1ctica sus conocimientos y habilidades, pues se convertir\u00e1n en profesionales especializados, con competencias para aportar soluciones a problemas complejos y sus labores impactar\u00e1n de forma positiva en la econom\u00eda del conocimiento\u201d, asever\u00f3.<br \/>&nbsp;<br \/>Cort\u00e9s Gonz\u00e1lez a\u00f1adi\u00f3 que en el estado tambi\u00e9n se instalar\u00e1n parques e\u00f3licos para la generaci\u00f3n de energ\u00eda, hecho que tambi\u00e9n requerir\u00e1 de mano de obra especializada, como la de los j\u00f3venes yucatecos que en la actualidad se forman en las principales instituciones educativas de la entidad.<br \/>&nbsp;<br \/>\u201cEl Gobierno del Estado ha hecho una apuesta importante para impulsar la investigaci\u00f3n, la innovaci\u00f3n y el desarrollo tecnol\u00f3gico, as\u00ed como la formaci\u00f3n de capital humano que pueda responder a los retos de la nueva l\u00f3gica y din\u00e1mica que est\u00e1 teniendo nuestra econom\u00eda\u201d, puntualiz\u00f3.<br \/>&nbsp;<br \/>Acompa\u00f1ado del rector de la UPY, Gildardo S\u00e1nchez Ante, el titular de la Seplan intercambi\u00f3 puntos de vista con los j\u00f3venes y escuch\u00f3 las propuestas sobre los diferentes temas de inter\u00e9s de este sector de la poblaci\u00f3n, las cuales ser\u00e1n consideradas en la elaboraci\u00f3n del presupuesto de 2018.<br \/>&nbsp; <br \/>Cort\u00e9s Gonz\u00e1lez invit\u00f3 a los j\u00f3venes a visitar el sitio <a target=\"_blank\" rel=\"nofollow noopener\" href=\"http:\/\/www.observatorio.yucatan.gob.mx\/\">http:\/\/www.observatorio.yucatan.gob.mx\/<\/a>, en la cual existe informaci\u00f3n detallada sobre el avance de los 227 compromisos adquiridos desde el comienzo de esta administraci\u00f3n por el Gobierno del Estado, as\u00ed como el sitio del Sistema de Informaci\u00f3n Estad\u00edstica y Geogr\u00e1fica de Yucat\u00e1n (<a target=\"_blank\" rel=\"nofollow noopener\" href=\"http:\/\/www.siegy.yucatan.gob.mx\/\">www.siegy.yucatan.gob.mx<\/a>), donde podr\u00e1n conocer indicadores sobre la planeaci\u00f3n del desarrollo.<br \/>&nbsp;<br \/>Dentro del programa \u201cEval\u00faa a tu Gobierno\u201d, el titular de Seplan ha sostenido encuentros con alumnos de las Universidades Aut\u00f3noma de Yucat\u00e1n (UADY) y del Valle del Grijalva (UVG), as\u00ed como de la Escuela Normal de Educaci\u00f3n Primaria, con quienes abord\u00f3 temas relacionados a la salud y ampliaci\u00f3n de la cobertura del programa de becas de transporte, entre otros.<br \/>&nbsp;<\/p>\n<div>\n<div>\n<div>\n<p>Se ha reunido tambi\u00e9n con integrantes del Colegio de Evaluadores, con quienes coincidi\u00f3 en que la transparencia y rendici\u00f3n de cuentas, como se ha hecho hasta ahora, es la f\u00f3rmula para garantizar un mejor desempe\u00f1o de las finanzas p\u00fablicas.<\/p>\n<\/div>\n<\/div>\n<\/div>\n<p><\/p>\n","protected":false},"excerpt":{"rendered":"<p>Inversi\u00f3n, empleo y desarrollo de la proveedur\u00eda, principales beneficios.<\/p>\n","protected":false},"author":1018,"featured_media":0,"comment_status":"open","ping_status":"open","sticky":false,"template":"","format":"standard","meta":{"tdm_status":"","tdm_grid_status":"","footnotes":""},"categories":[21],"tags":[],"_links":{"self":[{"href":"https:\/\/dralvarez.com.mx\/larevista\/wp-json\/wp\/v2\/posts\/58597"}],"collection":[{"href":"https:\/\/dralvarez.com.mx\/larevista\/wp-json\/wp\/v2\/posts"}],"about":[{"href":"https:\/\/dralvarez.com.mx\/larevista\/wp-json\/wp\/v2\/types\/post"}],"author":[{"embeddable":true,"href":"https:\/\/dralvarez.com.mx\/larevista\/wp-json\/wp\/v2\/users\/1018"}],"replies":[{"embeddable":true,"href":"https:\/\/dralvarez.com.mx\/larevista\/wp-json\/wp\/v2\/comments?post=58597"}],"version-history":[{"count":0,"href":"https:\/\/dralvarez.com.mx\/larevista\/wp-json\/wp\/v2\/posts\/58597\/revisions"}],"wp:attachment":[{"href":"https:\/\/dralvarez.com.mx\/larevista\/wp-json\/wp\/v2\/media?parent=58597"}],"wp:term":[{"taxonomy":"category","embeddable":true,"href":"https:\/\/dralvarez.com.mx\/larevista\/wp-json\/wp\/v2\/categories?post=58597"},{"taxonomy":"post_tag","embeddable":true,"href":"https:\/\/dralvarez.com.mx\/larevista\/wp-json\/wp\/v2\/tags?post=58597"}],"curies":[{"name":"wp","href":"https:\/\/api.w.org\/{rel}","templated":true}]}}