{"id":58595,"date":"2017-10-04T00:00:00","date_gmt":"2017-10-04T06:00:00","guid":{"rendered":"https:\/\/dralvarez.com.mx\/larevista\/blog\/visita-liborio-vidal-a-mas-de-350-jubilados-y-pensionados-18195"},"modified":"2017-10-04T00:00:00","modified_gmt":"2017-10-04T06:00:00","slug":"visita-liborio-vidal-a-mas-de-350-jubilados-y-pensionados-18195","status":"publish","type":"post","link":"https:\/\/dralvarez.com.mx\/larevista\/yucatan\/visita-liborio-vidal-a-mas-de-350-jubilados-y-pensionados-18195","title":{"rendered":"Visita Liborio Vidal a m\u00e1s de 350 jubilados y pensionados"},"content":{"rendered":"<\/p>\n<p>M\u00e9rida, Yucat\u00e1n, a 3 de octubre de 2017. Los jubilados y pensionados de Tizim\u00edn se encuentran bien organizados y coordinados, trabajan en el beneficio colectivo, se mantienen activos a trav\u00e9s de diversas actividades y se re\u00fanen con regularidad para mantener unas sanas relaciones humanas.<\/p>\n<p>En la visita que realiz\u00f3 Liborio Vidal Aguilar al local de la agrupaci\u00f3n tizimile\u00f1a reconoci\u00f3 el ambiente de trabajo y prosperidad que vio reflejado en el rostro y la mirada de los asistentes as\u00ed como en unas instalaciones que han ido mejorando con esfuerzo y dedicaci\u00f3n.<\/p>\n<p>El l\u00edder de 354 jubilados y pensionados y 90 adultos mayores, Lorenzo Casanova Brice\u00f1o explic\u00f3 c\u00f3mo ha sido el crecimiento de la organizaci\u00f3n las necesidades que tienen como personas de la tercera edad y tambi\u00e9n del entusiasmo que ponen a todo lo que hacen.<\/p>\n<p>\u201cNosotros debemos ser honestos siempre, no manejarnos por el dinero sino por el coraz\u00f3n. \u00bfQu\u00e9 nos dice el coraz\u00f3n?, lo que debemos hacer\u201d, manifest\u00f3 Casanova Brice\u00f1o.<\/p>\n<p>El mensaje del dirigente fue retomado por Vidal Aguilar, quien destac\u00f3 que Tizim\u00edn es un municipio \u201cechado para adelante\u201d, en el que se ve a una poblaci\u00f3n de adultos mayores que le ha dado mucho al Estado y que representa los cimientos de un Yucat\u00e1n pr\u00f3spero.<\/p>\n<p>\u201cUstedes han puesto los cimientos que hacen de \u00e9ste un gran municipio, ustedes son quienes comenzaron una labor que hoy se ve fortalecida con las acciones de Rolando Zapata Bello, quien tambi\u00e9n est\u00e1 sentando las bases para tener un gran Estado\u201d, expres\u00f3.<\/p>\n<p>Agreg\u00f3 que parte fundamental de cada persona es el legado que quiere dejar, en su familia, en su trabajo, en la sociedad, pues eso har\u00e1 que todos formen parte del desarrollo de las comunidades de Yucat\u00e1n.<\/p>\n<p>En la reuni\u00f3n estuvo presente el alcalde Jorge Vales Traconis, as\u00ed como el presidente del Comit\u00e9 Directivo Municipal del PRI, Juan Alcocer Polanco; el delegado de la Sedatu, William Sosa Altamira; el delegado de la CDI, Jes\u00fas Vidal Peniche, regidores y funcionarios del Ayuntamiento de Tizim\u00edn.<\/p>\n<p><\/p>\n","protected":false},"excerpt":{"rendered":"<p>\u201cVeo un Tizim\u00edn echado para adelante\u201d<\/p>\n","protected":false},"author":1018,"featured_media":0,"comment_status":"open","ping_status":"open","sticky":false,"template":"","format":"standard","meta":{"tdm_status":"","tdm_grid_status":"","footnotes":""},"categories":[21],"tags":[],"_links":{"self":[{"href":"https:\/\/dralvarez.com.mx\/larevista\/wp-json\/wp\/v2\/posts\/58595"}],"collection":[{"href":"https:\/\/dralvarez.com.mx\/larevista\/wp-json\/wp\/v2\/posts"}],"about":[{"href":"https:\/\/dralvarez.com.mx\/larevista\/wp-json\/wp\/v2\/types\/post"}],"author":[{"embeddable":true,"href":"https:\/\/dralvarez.com.mx\/larevista\/wp-json\/wp\/v2\/users\/1018"}],"replies":[{"embeddable":true,"href":"https:\/\/dralvarez.com.mx\/larevista\/wp-json\/wp\/v2\/comments?post=58595"}],"version-history":[{"count":0,"href":"https:\/\/dralvarez.com.mx\/larevista\/wp-json\/wp\/v2\/posts\/58595\/revisions"}],"wp:attachment":[{"href":"https:\/\/dralvarez.com.mx\/larevista\/wp-json\/wp\/v2\/media?parent=58595"}],"wp:term":[{"taxonomy":"category","embeddable":true,"href":"https:\/\/dralvarez.com.mx\/larevista\/wp-json\/wp\/v2\/categories?post=58595"},{"taxonomy":"post_tag","embeddable":true,"href":"https:\/\/dralvarez.com.mx\/larevista\/wp-json\/wp\/v2\/tags?post=58595"}],"curies":[{"name":"wp","href":"https:\/\/api.w.org\/{rel}","templated":true}]}}