{"id":58573,"date":"2017-10-04T00:00:00","date_gmt":"2017-10-04T06:00:00","guid":{"rendered":"https:\/\/dralvarez.com.mx\/larevista\/blog\/gran-afluencia-a-platica-del-sat-en-canaco-merida-18171"},"modified":"2017-10-04T00:00:00","modified_gmt":"2017-10-04T06:00:00","slug":"gran-afluencia-a-platica-del-sat-en-canaco-merida-18171","status":"publish","type":"post","link":"https:\/\/dralvarez.com.mx\/larevista\/yucatan\/gran-afluencia-a-platica-del-sat-en-canaco-merida-18171","title":{"rendered":"Gran afluencia a pl\u00e1tica del SAT en CANACO M\u00e9rida"},"content":{"rendered":"<\/p>\n<p><b>M\u00e9rida, Yucat\u00e1n, 3 de octubre de 2017.-<\/b>&nbsp;Ante la cercan\u00eda de la obligatoriedad del nuevo modelo de facturaci\u00f3n, Versi\u00f3n 3.3, la C\u00e1mara Nacional de Comercio, Servicios y Turismo (CANACO SERVYTUR) de M\u00e9rida, fue sede de una pl\u00e1tica impartida por el Administrador General de Servicios al Contribuyente del SAT, Adri\u00e1n Guarneros Tapia, y a la que asistieron m\u00e1s de 500 personas de diferentes empresas de Yucat\u00e1n, Campeche y Quintana Roo.<\/p>\n<p>En presencia de presidentes de c\u00e1maras integrantes del Consejo Coordinador Empresarial (CCE), del vicepresidente de Asuntos Fiscales y del secretario General de CONCANACO, Julio C\u00e9sar Cant\u00fa Flores y Jos\u00e9 Manuel L\u00f3pez Campos, respectivamente, as\u00ed como del Administrador Local del SAT, Jes\u00fas Duarte B\u00f3rquez, el director general del SAT, Adri\u00e1n Guarneros Tapia, explic\u00f3 las ventajas y el objetivo del nuevo modelo de facturaci\u00f3n que simplificar\u00e1 la contabilidad de las empresas.<\/p>\n<p>Este esquema entr\u00f3 en vigor a partir del 1 de julio y se dio una pr\u00f3rroga para que empiece a ser obligatorio el 1 de diciembre de este a\u00f1o, de ah\u00ed que al d\u00eda de hoy se tiene un registro del 28 por ciento de los 4 millones de contribuyentes que facturan que ya emigraron a la versi\u00f3n 3.3, por lo que conf\u00eda en que en los pr\u00f3ximos 58 d\u00edas se llegar\u00e1 al cien por ciento.<\/p>\n<p>Aclar\u00f3 que no se trata de un cambio de Ley, sino la modificaci\u00f3n de la versi\u00f3n para facturar, y que todo lo que se propone como obligatorio son cosas que ya estaban de a\u00f1os atr\u00e1s estipuladas en la ley, solo que no se hab\u00edan puesto en pr\u00e1ctica.<\/p>\n<p><\/p>\n<p>Por su parte, el presidente de CANACO M\u00e9rida, Juan Jos\u00e9 Abraham Daguer, asegur\u00f3 que este organismo empresarial asumi\u00f3 el compromiso de mantener actualizados a sus afiliados en temas relevantes para el buen desempe\u00f1o de sus empresas, como es el caso de la facturaci\u00f3n, versi\u00f3n 3.3., la cual seg\u00fan considera la C\u00e1mara generar\u00e1 una mayor carga de trabajo para los contribuyentes. <\/p>\n<p><\/p>\n<p>Abraham Daguer resalt\u00f3 la importancia que tiene para las empresas contar con un eficiente sistema de facturaci\u00f3n \u00e1gil y oportuno, a fin de que la fiscalizaci\u00f3n y contabilidad sea m\u00e1s efectiva, y permita a los empresarios cumplir en tiempo y forma con sus obligaciones fiscales, al mismo tiempo que se impulse el crecimiento de los negocios y el establecimiento de nuevos.<\/p>\n<p>Por ello, dijo, con la visi\u00f3n de ser corresponsables, los empresarios consideran que en la actualidad la din\u00e1mica empresarial demanda mayor facilidad, accesibilidad y flexibilidad en el cumplimiento de las obligaciones fiscales, con el objetivo de impulsar el crecimiento econ\u00f3mico, s\u00f3lido y sano del pa\u00eds. <\/p>\n<p><\/p>\n<p>\u201cEstamos convencidos que el desarrollo que M\u00e9xico demanda ser\u00e1 posible en la medida en que se impulse el fortalecimiento de las empresas establecidas y de la incorporaci\u00f3n de nuevas a la base tributaria, para generar una mayor productividad y competitividad como naci\u00f3n\u201d, subray\u00f3.<\/p>\n<p>Abraham Daguer reiter\u00f3 que esta implementaci\u00f3n traer\u00e1 dificultades para las empresas, principalmente para las micro, peque\u00f1as y medianas, por la complejidad que representa para su cabal cumplimiento.<\/p>\n<p><\/p>\n","protected":false},"excerpt":{"rendered":"<p>El Administrador General de Servicios al Contribuyente del SAT, Adri\u00e1n Guarneros Tapia da una capacitaci\u00f3n sobre la facturaci\u00f3n versi\u00f3n 3.3<br \/>\nAsisten m<\/p>\n","protected":false},"author":1018,"featured_media":0,"comment_status":"open","ping_status":"open","sticky":false,"template":"","format":"standard","meta":{"tdm_status":"","tdm_grid_status":"","footnotes":""},"categories":[21],"tags":[],"_links":{"self":[{"href":"https:\/\/dralvarez.com.mx\/larevista\/wp-json\/wp\/v2\/posts\/58573"}],"collection":[{"href":"https:\/\/dralvarez.com.mx\/larevista\/wp-json\/wp\/v2\/posts"}],"about":[{"href":"https:\/\/dralvarez.com.mx\/larevista\/wp-json\/wp\/v2\/types\/post"}],"author":[{"embeddable":true,"href":"https:\/\/dralvarez.com.mx\/larevista\/wp-json\/wp\/v2\/users\/1018"}],"replies":[{"embeddable":true,"href":"https:\/\/dralvarez.com.mx\/larevista\/wp-json\/wp\/v2\/comments?post=58573"}],"version-history":[{"count":0,"href":"https:\/\/dralvarez.com.mx\/larevista\/wp-json\/wp\/v2\/posts\/58573\/revisions"}],"wp:attachment":[{"href":"https:\/\/dralvarez.com.mx\/larevista\/wp-json\/wp\/v2\/media?parent=58573"}],"wp:term":[{"taxonomy":"category","embeddable":true,"href":"https:\/\/dralvarez.com.mx\/larevista\/wp-json\/wp\/v2\/categories?post=58573"},{"taxonomy":"post_tag","embeddable":true,"href":"https:\/\/dralvarez.com.mx\/larevista\/wp-json\/wp\/v2\/tags?post=58573"}],"curies":[{"name":"wp","href":"https:\/\/api.w.org\/{rel}","templated":true}]}}