{"id":58571,"date":"2017-10-03T00:00:00","date_gmt":"2017-10-03T06:00:00","guid":{"rendered":"https:\/\/dralvarez.com.mx\/larevista\/blog\/mayor-impulso-al-ecosistema-emprendedor-18169"},"modified":"2017-10-03T00:00:00","modified_gmt":"2017-10-03T06:00:00","slug":"mayor-impulso-al-ecosistema-emprendedor-18169","status":"publish","type":"post","link":"https:\/\/dralvarez.com.mx\/larevista\/yucatan\/mayor-impulso-al-ecosistema-emprendedor-18169","title":{"rendered":"Mayor impulso al ecosistema emprendedor"},"content":{"rendered":"<\/p>\n<p>M\u00e9rida, Yucat\u00e1n, 3 de octubre de 2017.- Empresarios del oriente de Yucat\u00e1n contar\u00e1n en breve con una Casa del Emprendedor, que les facilitar\u00e1 desarrollar e impulsar iniciativas productivas, principalmente en el \u00e1rea tur\u00edstica y en la agroalimentaria, con lo que la entidad se convertir\u00e1 en la quinta del pa\u00eds en tener dos espacios de este tipo, anunciaron autoridades estatales y federales. <u><\/u><u><\/u><\/p>\n<p>En el Instituto Yucateco del ramo (IYEM), el Gobernador Rolando Zapata Bello entreg\u00f3 este d\u00eda los trabajos de la segunda etapa del Hub de Emprendedores y la primera Casa del Emprendedor, evento en el que se destac\u00f3 que con estas acciones se fortalecer\u00e1 dicho ecosistema, al igual que se apuntalar\u00e1 el talento y creatividad de los j\u00f3venes.  &nbsp; <u><\/u><u><\/u><\/p>\n<p>Acompa\u00f1ado del director del Instituto Mexicano de la Juventud (Imjuve), Jos\u00e9 Manuel Romero Coello, &nbsp;el mandatario resalt\u00f3 la importancia de promover una cultura del \u00e1mbito, que dirija a Yucat\u00e1n hacia un porvenir con una generaci\u00f3n mejor preparada, y con mayores habilidades y conocimientos. <u><\/u><u><\/u><\/p>\n<p>\u201cEsta visi\u00f3n, que sin duda mira hacia el futuro y lleva a nuestro pa\u00eds hacia el futuro, solo podr\u00eda tener un adecuado acompa\u00f1amiento cuando existe ese empalme entre una ni\u00f1ez que se est\u00e1 formando con una nueva visi\u00f3n, con una cultura digital desde el inicio, con un dominio o un manejo del idioma que es el de la econom\u00eda, que es el idioma ingl\u00e9s, y que a fin de cuentas vaya acompa\u00f1ado con una cultura del emprendimiento, que permita innovar, crear, como ve\u00edamos en la misi\u00f3n de este Hub\u201d, subray\u00f3. <u><\/u><u><\/u><\/p>\n<p>Al manifestar su inter\u00e9s de ver el modelo del Hub en todos los estados, el director del Imjuve inform\u00f3 sobre la construcci\u00f3n de una segunda Casa del Emprendedor, que se establecer\u00e1 en Tizim\u00edn con una inversi\u00f3n mixta superior a un mill\u00f3n de pesos, la cual permitir\u00e1 explotar el potencial tur\u00edstico que tiene la zona oriente de la entidad. <u><\/u><u><\/u><\/p>\n<p>Al recordar que en las instalaciones inauguradas este d\u00eda tambi\u00e9n est\u00e1 un Centro de Mujeres Moviendo a M\u00e9xico y una ventanilla de la Red de Apoyo al Emprendedor, la directora General de Programas de Desarrollo Empresarial del Instituto Nacional del Emprendedor (Inadem), Susana Duque Roquero, detall\u00f3 que a fin de acelerar y vincular las firmas de j\u00f3venes yucatecos, dicha instituci\u00f3n canalizar\u00e1 cerca de nueve millones de pesos al territorio. <u><\/u><u><\/u><\/p>\n<p>Durante el evento de igual forma se anunci\u00f3 la realizaci\u00f3n del BIM Yucat\u00e1n 2017, el festival del ramo m\u00e1s importante del sureste mexicano, que se llevar\u00e1 a cabo el 8, 9 y 10 de noviembre con la participaci\u00f3n de ponentes como los ex futbolistas Jorge Valdano y Luis Garc\u00eda, as\u00ed como los expertos en el tema Olivia Peralta, Guillermo Garza, Ana Victoria Garc\u00eda, Marc Segura, Gabriel Charles, Vincent Speranza y Max Trejo. &nbsp;<u><\/u><u><\/u><\/p>\n<p>&nbsp;En el encuentro, que se celebrar\u00e1 en el Centro de Convenciones Yucat\u00e1n Siglo XXI, se espera la asistencia de m\u00e1s de 15 mil invitados, que podr\u00e1n disfrutar de las 39 conferencias, 24 talleres y 168 actividades relacionadas con el ecosistema, adem\u00e1s de que habr\u00e1 72 estands de emprendedores locales.<u><\/u><u><\/u><\/p>\n<p>&nbsp;Previamente, el mandatario realiz\u00f3 un recorrido por la segunda etapa del Hub de Emprendedores, en la que se invirti\u00f3 5.3 millones de pesos y alberga seis oficinas en renta, una sala de capacitaci\u00f3n para 30 personas, dos de juntas y una de c\u00f3mputo para 15 individuos, as\u00ed como una incubadora, \u00e1reas verdes y ba\u00f1os. Igualmente, visit\u00f3 la Casa del Emprendedor, que se encuentra a un lado, la cual cuenta con zonas verdes, de marketing, lounge, de innovaci\u00f3n, maker y de tecnolog\u00edas de la informaci\u00f3n y comunicaci\u00f3n<u><\/u><u><\/u><\/p>\n<p><b><i>Discurso del Gobernador Rolando Zapata Bello<\/i><\/b><br \/>\n<\/p>\n<\/p>\n<p>Muy buenos d\u00edas a todas y todos los aqu\u00ed presentes. Hemos inaugurado una segunda etapa de este gran Hub de emprendimiento, de la Casa del Emprendedor a los j\u00f3venes de Yucat\u00e1n, que es una etapa m\u00e1s que viene a consolidar este espacio de servicios de apoyo, de impulso.<u><\/u><u><\/u><\/p>\n<p>Y fundamentalmente este espacio lo que permite, y nosotros nos sentimos muy satisfechos de ello, es consolidar los servicios que aqu\u00ed se brindan. Que por una parte son servicios concretos, espec\u00edficos como bien se ha expresado, desde la utilizaci\u00f3n de equipos de primer nivel, desde la utilizaci\u00f3n de espacios que les permiten minimizar o dejar de asumir una expresi\u00f3n, costos, tal vez administrativos que de otra manera har\u00edan muy dif\u00edcil el arranque, el impulso de un proyecto que apenas se est\u00e1 incubando, cuesta lanzarse.<u><\/u><u><\/u><\/p>\n<p>Pero tambi\u00e9n y es algo que yo quiero subrayar, en este espacio se pone a disposici\u00f3n de todos los emprendedores todos los servicios que por ejemplo el Inadem a nivel nacional dispone; productos financieros, por ejemplo, que son tan importantes al llegar a determinado momento en el que ya es importante que un proyecto alcance determinado nivel y que lo que requiere es un sistema de financiamiento accesible.<u><\/u><u><\/u><\/p>\n<p>Y muchas veces, y yo siempre lo he se\u00f1alado, muchas veces una dificultad que tienen los programas de gobierno, y lo digo con conocimiento de causa, es la posibilidad de llegar hacia quienes lo requieren, hacia quienes lo demandan.<u><\/u><u><\/u><\/p>\n<p>Llegar con una oferta y demanda espec\u00edfica y en el caso, qu\u00e9 mejor que tener la posibilidad de que todos esos proyectos de financiamiento, de asesor\u00eda en l\u00ednea, de que todos estos productos y todos estos proyectos est\u00e9n aqu\u00ed a disposici\u00f3n de quienes verdaderamente lo necesitan.<u><\/u><u><\/u><\/p>\n<p>Y lo mismo con todo lo que realiza en Imjuve, poniendo a disposici\u00f3n de los j\u00f3venes diferentes programas que aqu\u00ed encuentran espacio id\u00f3neo para ser utilizados. Les dec\u00eda hace un momento que \u00e9ste es un d\u00eda importante, porque va avanzando este ecosistema para el emprendimiento, pero yo quisiera compartir con ustedes una reflexi\u00f3n tambi\u00e9n.<u><\/u><u><\/u><\/p>\n<p>En nuestro caso, al igual que el Gobierno de la Rep\u00fablica pues llegamos a nuestro quinto a\u00f1o de Gobierno, nosotros aqu\u00ed ya llegamos porque empezamos en octubre y estamos en la recta m\u00e1s importante, as\u00ed la hemos definido, estos ya no 365 d\u00edas, ahora son 363 que nos restan para concluir la administraci\u00f3n y creemos que un elemento de gran importancia, un intangible tal vez, pero que es de enorme trascendencia para nuestro estado y pa\u00eds, es precisamente impulsar la cultura del emprendedor.<u><\/u><u><\/u><\/p>\n<p>Ese intangible que hoy ya da resultados muy concretos, pero que fundamentalmente mira hacia el futuro, nosotros hoy podemos decir que Yucat\u00e1n tiene un rumbo certero, porque es un rumbo que nos dirige hacia donde est\u00e1 yendo el futuro y hac\u00eda ah\u00ed estamos dirigiendo nuestros pasos.<u><\/u><u><\/u><\/p>\n<p>Y s\u00f3lo podr\u00edamos dirigirnos certeramente hacia el futuro si tenemos una s\u00f3lida cultura del emprendimiento que viene acompa\u00f1ada y quiero decirlo con mucha claridad y que todos tomemos este mensaje con la enorme proyecci\u00f3n que tiene, que viene acompa\u00f1ada con la formaci\u00f3n de las nuevas generaciones.<u><\/u><u><\/u><\/p>\n<p>Hoy la generaci\u00f3n m\u00e1s preparada de Yucat\u00e1n, m\u00e1s de 170 mil j\u00f3venes en el nivel medio superior y superior, pero que viene tambi\u00e9n acompa\u00f1ada de una ni\u00f1ez que se est\u00e1 formando hoy bajo un nuevo modelo educativo, producto de la reforma educativa que impuls\u00f3 el Presidente Pe\u00f1a.<u><\/u><u><\/u><\/p>\n<p>Y es un modelo educativo, \u00e9ste el nuevo, que fundamentalmente tiene por esencia que los ni\u00f1os aprendan a aprender y que los ni\u00f1os tambi\u00e9n desarrollen habilidades que les permitan innovar, que les permitan generar conocimiento pertinente y no \u00fanicamente adquirir conocimiento o aprender.<u><\/u><u><\/u><\/p>\n<p>Esta visi\u00f3n, que sin duda mira hacia el futuro y lleva a nuestro pa\u00eds hacia el futuro, solo podr\u00eda tener un adecuado acompa\u00f1amiento cuando existe ese empalme entre una ni\u00f1ez que se est\u00e1 formando con una nueva visi\u00f3n, con una cultura digital desde el inicio, con un dominio o un manejo del idioma que es el de la econom\u00eda, que es el idioma ingl\u00e9s, y que a fin de cuentas vaya acompa\u00f1ado con una cultura del emprendimiento que permita innovar, crear, vaya, como ve\u00edamos en la misi\u00f3n de este Hub, que lo ve\u00edamos ah\u00ed pegado: darle soluciones personalizadas a quienes acudan ll\u00e1mese empresas, ll\u00e1mese prestadores de servicios.<u><\/u><u><\/u><\/p>\n<p>Toda esa gran visi\u00f3n es la que, a fin de cuentas, nos permitir\u00e1 ser competitivos en una econom\u00eda que, estamos viendo en el proceso de la globalizaci\u00f3n va movi\u00e9ndose con tendencias muy claras hacia procesos tecnol\u00f3gicos, hacia procesos digitales, hacia esquemas disruptivos que est\u00e1n marcando tendencias, en las cuales es importante decir que Yucat\u00e1n est\u00e1 perfectamente incorporado.<u><\/u><u><\/u><\/p>\n<p>Esto, reitero, gracias al apoyo del Gobierno federal, gracias al apoyo del Presidente de la Rep\u00fablica, de las diferentes dependencias y por eso hoy podemos decir que en Yucat\u00e1n miramos el futuro con un optimismo sensato, con los pies en la tierra, trabajando todos los d\u00edas, pero tambi\u00e9n asidos firmemente de los sue\u00f1os, de las aspiraciones, de las ilusiones que convierten en realizaciones nuestros j\u00f3venes emprendedores.<u><\/u><u><\/u><\/p>\n<p>Enhorabuena a todos y a seguir ech\u00e1ndole muchas ganas.<\/p><\/p>\n","protected":false},"excerpt":{"rendered":"<p>Se construir\u00e1 una casa para el sector al oriente de Yucat\u00e1n.<\/p>\n","protected":false},"author":1018,"featured_media":0,"comment_status":"open","ping_status":"open","sticky":false,"template":"","format":"standard","meta":{"tdm_status":"","tdm_grid_status":"","footnotes":""},"categories":[21],"tags":[],"_links":{"self":[{"href":"https:\/\/dralvarez.com.mx\/larevista\/wp-json\/wp\/v2\/posts\/58571"}],"collection":[{"href":"https:\/\/dralvarez.com.mx\/larevista\/wp-json\/wp\/v2\/posts"}],"about":[{"href":"https:\/\/dralvarez.com.mx\/larevista\/wp-json\/wp\/v2\/types\/post"}],"author":[{"embeddable":true,"href":"https:\/\/dralvarez.com.mx\/larevista\/wp-json\/wp\/v2\/users\/1018"}],"replies":[{"embeddable":true,"href":"https:\/\/dralvarez.com.mx\/larevista\/wp-json\/wp\/v2\/comments?post=58571"}],"version-history":[{"count":0,"href":"https:\/\/dralvarez.com.mx\/larevista\/wp-json\/wp\/v2\/posts\/58571\/revisions"}],"wp:attachment":[{"href":"https:\/\/dralvarez.com.mx\/larevista\/wp-json\/wp\/v2\/media?parent=58571"}],"wp:term":[{"taxonomy":"category","embeddable":true,"href":"https:\/\/dralvarez.com.mx\/larevista\/wp-json\/wp\/v2\/categories?post=58571"},{"taxonomy":"post_tag","embeddable":true,"href":"https:\/\/dralvarez.com.mx\/larevista\/wp-json\/wp\/v2\/tags?post=58571"}],"curies":[{"name":"wp","href":"https:\/\/api.w.org\/{rel}","templated":true}]}}