{"id":58551,"date":"2017-10-03T00:00:00","date_gmt":"2017-10-03T06:00:00","guid":{"rendered":"https:\/\/dralvarez.com.mx\/larevista\/blog\/se-realiza-la-primera-feria-de-la-salud-en-tixcacaltuyub-yaxcaba-18149"},"modified":"2017-10-03T00:00:00","modified_gmt":"2017-10-03T06:00:00","slug":"se-realiza-la-primera-feria-de-la-salud-en-tixcacaltuyub-yaxcaba-18149","status":"publish","type":"post","link":"https:\/\/dralvarez.com.mx\/larevista\/yucatan\/se-realiza-la-primera-feria-de-la-salud-en-tixcacaltuyub-yaxcaba-18149","title":{"rendered":"Se realiza la &#8220;Primera Feria de la Salud&#8221; en Tixcacaltuyub, Yaxcab\u00e1"},"content":{"rendered":"<\/p>\n<p>Valladolid, Yucat\u00e1n, a 2 de octubre de 2017.- El d\u00edas pasados, en la comunidad de Tixcacaltuyub, municipio de Yaxcab\u00e1, en un evento que se vio plet\u00f3rico de vida, con la presencia de ni\u00f1os, maestros y padres de familia, de las tres escuelas de esa peque\u00f1a localidad, mismos que abarrotaron el parque principal, se llev\u00f3 a cabo la \u201cPrimera Feria de la Salud\u201d realizada en dicha poblaci\u00f3n.<\/p>\n<p>Desde muy temprana hora, los alumnos de las escuelas preescolar y secundaria, ambas con el nombre del escritor, novelista, historiador y jurisconsulto mexicano Justo Sierra O\u00b4Reilly y de la Secundaria Miguel Hidalgo y Costilla, se dieron cita en el parque principal para conocer y participar en las acciones de salud y de Derechos humanos que el IMSS-Prospera, la Comisi\u00f3n de Derechos Humanos del Estado de Yucat\u00e1n (CODHEY) y los Servicios de Salud de Yucat\u00e1n (SSY) por conducto de la Jurisdicci\u00f3n Sanitaria les llevaron.<\/p>\n<p>Presidi\u00f3 este evento el AE Fernando Osorio Osorio, Director de Salud del Municipio de Yaxcab\u00e1 y la LEO Merced Alvarado Hern\u00e1ndez, Coordinadora Jurisdiccional de Promoci\u00f3n a la Salud, en representaci\u00f3n del Dr. Rudy Humberto Coronado Bastarrachea, Jefe de la Jurisdicci\u00f3n Sanitaria No. 2 y conto con la participaci\u00f3n del personal de IMSS-Prospera y de Comisi\u00f3n de Derechos Humanos del Estado de Yucat\u00e1n (CODHEY).<\/p>\n<p>En el desarrollo de esta Primera Feria de la Salud se ofreci\u00f3 a los asistentes informaci\u00f3n sobre derechos humanos a ni\u00f1os mujeres y personas de la tercera edad, as\u00ed como promocional, preventiva y detecciones en VIH\/Sida; en enfermedades transmitidas por vector, como el Dengue, el Chikungunya, Zika y Chagas; en enfermedades diarreicas; en salud bucal; en Nutrici\u00f3n; en salud mental; en el uso del vida suero oral; en prevenci\u00f3n de accidentes y lesiones; en vacunaci\u00f3n antirr\u00e1bica canina y felina y en vacunaci\u00f3n universal, todas ellas impartidas por los representantes jurisdiccionales de esos programas, presentes en el evento.<\/p>\n<p><\/p>\n","protected":false},"excerpt":{"rendered":"<p>Se dieron cita en el parque principal para conocer y participar en las acciones de salud y de Derechos humanos que el IMSS-Prospera, la Comisi\u00f3n de De<\/p>\n","protected":false},"author":1018,"featured_media":0,"comment_status":"open","ping_status":"open","sticky":false,"template":"","format":"standard","meta":{"tdm_status":"","tdm_grid_status":"","footnotes":""},"categories":[21],"tags":[],"_links":{"self":[{"href":"https:\/\/dralvarez.com.mx\/larevista\/wp-json\/wp\/v2\/posts\/58551"}],"collection":[{"href":"https:\/\/dralvarez.com.mx\/larevista\/wp-json\/wp\/v2\/posts"}],"about":[{"href":"https:\/\/dralvarez.com.mx\/larevista\/wp-json\/wp\/v2\/types\/post"}],"author":[{"embeddable":true,"href":"https:\/\/dralvarez.com.mx\/larevista\/wp-json\/wp\/v2\/users\/1018"}],"replies":[{"embeddable":true,"href":"https:\/\/dralvarez.com.mx\/larevista\/wp-json\/wp\/v2\/comments?post=58551"}],"version-history":[{"count":0,"href":"https:\/\/dralvarez.com.mx\/larevista\/wp-json\/wp\/v2\/posts\/58551\/revisions"}],"wp:attachment":[{"href":"https:\/\/dralvarez.com.mx\/larevista\/wp-json\/wp\/v2\/media?parent=58551"}],"wp:term":[{"taxonomy":"category","embeddable":true,"href":"https:\/\/dralvarez.com.mx\/larevista\/wp-json\/wp\/v2\/categories?post=58551"},{"taxonomy":"post_tag","embeddable":true,"href":"https:\/\/dralvarez.com.mx\/larevista\/wp-json\/wp\/v2\/tags?post=58551"}],"curies":[{"name":"wp","href":"https:\/\/api.w.org\/{rel}","templated":true}]}}