{"id":58536,"date":"2017-10-03T00:00:00","date_gmt":"2017-10-03T06:00:00","guid":{"rendered":"https:\/\/dralvarez.com.mx\/larevista\/blog\/empresarios-de-canaco-merida-se-reunen-con-legisladores-federales-yucatecos-18134"},"modified":"2017-10-03T00:00:00","modified_gmt":"2017-10-03T06:00:00","slug":"empresarios-de-canaco-merida-se-reunen-con-legisladores-federales-yucatecos-18134","status":"publish","type":"post","link":"https:\/\/dralvarez.com.mx\/larevista\/yucatan\/empresarios-de-canaco-merida-se-reunen-con-legisladores-federales-yucatecos-18134","title":{"rendered":"Empresarios de CANACO M\u00e9rida se re\u00fanen con Legisladores Federales Yucatecos"},"content":{"rendered":"<\/p>\n<p><b>M\u00e9rida, Yucat\u00e1n, 2 de octubre de 2017.-<\/b>&nbsp;La C\u00e1mara Nacional de Comercio, Servicios y Turismo (CANACO SERVYTUR) de M\u00e9rida pidi\u00f3 a los diputados federales por Yucat\u00e1n tratar en el Congreso de la Uni\u00f3n una pr\u00f3rroga para la obligatoriedad de la facturaci\u00f3n en la versi\u00f3n 3.3, que debe iniciar el pr\u00f3ximo 1 de diciembre.<\/p>\n<p>Por ello, empresarios de la CANACO M\u00e9rida, encabezados por su presidente, Juan Jos\u00e9 Abraham DAGUER, se reunieron con los legisladores federales Francisco Torres Rivas, Lucely Alpizar Carrillo, Felipe Cervera Hern\u00e1ndez, Pablo Gamboa Miner, Virgilio M\u00e9ndez Bazan, Zazil Moguel Manzur y Liborio Vidal Aguilar, del PRI, as\u00ed como con Joaqu\u00edn D\u00edaz Mena del PAN y Rogerio Castro V\u00e1zquez de MORENA, para tratar temas pendientes y hacer un balance de las propuestas que a\u00fan faltan por concluirse.<\/p>\n<p>Juan Jos\u00e9 Abraham se\u00f1al\u00f3 la importancia de ese tipo de reuniones para que los empresarios planteen sus inquietudes y dudas en iniciativas y proyectos para el Presupuesto de Egresos de la Federaci\u00f3n, que en fechas posteriores los legisladores federales analizar\u00e1n, discutir\u00e1n y aprobar\u00e1n en fechas pr\u00f3ximas.<\/p>\n<p>En ese sentido, expuso que al sector empresarial les inquieta que sea en diciembre la obligatoriedad de la nueva facturaci\u00f3n, pues es un mes de mucho movimiento, lo que complicar\u00e1 a\u00fan m\u00e1s el poder cumplir esa nueva disposici\u00f3n del SAT, pues es muy complejo y tedioso el nuevo esquema de facturaci\u00f3n, lo que les generara gastos adicionales, por ello propusieron que ese plazo se posponga hasta el pr\u00f3ximo a\u00f1o.<\/p>\n<p>El l\u00edder empresarial asegur\u00f3 que la nueva facturaci\u00f3n tiene diversos cat\u00e1logos que se utilizan a la hora de elaborar el documento por una venta, adem\u00e1s de otras modificaciones que har\u00e1n que las empresas tengan que contratar personas para la capacitaci\u00f3n, as\u00ed como para realizar esa labor, pues al ser m\u00e1s tardado ese proceso el tiempo para emitir una factura ser\u00e1 mayor.<\/p>\n<p>Abraham Daguer tambi\u00e9n anot\u00f3 que otro tema de mucha importancia para el sector empresarial, y que les afecta de manera directa, son los casos de robo a casa habitaci\u00f3n, ya que las nuevas leyes buscan que el afectado llegue a un arreglo con el delincuente, quien se compromete a reparar el da\u00f1o, con lo cual evita ser sujeto a una pena o sanci\u00f3n.<\/p>\n<p>Adem\u00e1s, solicitaron que las leyes sean m\u00e1s severas para los que se dedican al robo de transporte de carga, pues en la zona se han empezado a incrementar ese tipo de delitos, de ah\u00ed que es importante que se empiece a legislar en ese tema, que impacta directamente a la econom\u00eda formal.<\/p>\n<p>En respuesta, los legisladores aseguraron que ya hay una propuesta en an\u00e1lisis, donde se contempla pena de hasta 15 a\u00f1os de c\u00e1rcel para aquellas personas que cometan robo en las carreteras federales.<\/p>\n<p>Otro tema que destacaron los empresarios es el del fuero de legisladores federales, se\u00f1alando que este beneficio debe de darse solo en los temas relativos al ejercicio de su funci\u00f3n legislativa, excluyendo cualquier otro.<\/p>\n<p>Por \u00faltimo, legisladores federales y empresarios acordaron realizar mesas de trabajo para conocer, analizar y trabajar coordinados en temas de importancia para el estado, y as\u00ed poder impulsarlas desde el Congreso de la Uni\u00f3n para beneficio de la entidad.<\/p>\n<p><\/p>\n","protected":false},"excerpt":{"rendered":"<p>Solicitaron su apoyo con la gesti\u00f3n de una pr\u00f3rroga para la obligatoriedad de la facturaci\u00f3n en la versi\u00f3n 3.3<\/p>\n","protected":false},"author":1018,"featured_media":0,"comment_status":"open","ping_status":"open","sticky":false,"template":"","format":"standard","meta":{"tdm_status":"","tdm_grid_status":"","footnotes":""},"categories":[21],"tags":[],"_links":{"self":[{"href":"https:\/\/dralvarez.com.mx\/larevista\/wp-json\/wp\/v2\/posts\/58536"}],"collection":[{"href":"https:\/\/dralvarez.com.mx\/larevista\/wp-json\/wp\/v2\/posts"}],"about":[{"href":"https:\/\/dralvarez.com.mx\/larevista\/wp-json\/wp\/v2\/types\/post"}],"author":[{"embeddable":true,"href":"https:\/\/dralvarez.com.mx\/larevista\/wp-json\/wp\/v2\/users\/1018"}],"replies":[{"embeddable":true,"href":"https:\/\/dralvarez.com.mx\/larevista\/wp-json\/wp\/v2\/comments?post=58536"}],"version-history":[{"count":0,"href":"https:\/\/dralvarez.com.mx\/larevista\/wp-json\/wp\/v2\/posts\/58536\/revisions"}],"wp:attachment":[{"href":"https:\/\/dralvarez.com.mx\/larevista\/wp-json\/wp\/v2\/media?parent=58536"}],"wp:term":[{"taxonomy":"category","embeddable":true,"href":"https:\/\/dralvarez.com.mx\/larevista\/wp-json\/wp\/v2\/categories?post=58536"},{"taxonomy":"post_tag","embeddable":true,"href":"https:\/\/dralvarez.com.mx\/larevista\/wp-json\/wp\/v2\/tags?post=58536"}],"curies":[{"name":"wp","href":"https:\/\/api.w.org\/{rel}","templated":true}]}}