{"id":58534,"date":"2017-10-03T00:00:00","date_gmt":"2017-10-03T06:00:00","guid":{"rendered":"https:\/\/dralvarez.com.mx\/larevista\/blog\/celebran-el-46-aniversario-de-la-fundacion-de-la-facultad-de-economia-18132"},"modified":"2017-10-03T00:00:00","modified_gmt":"2017-10-03T06:00:00","slug":"celebran-el-46-aniversario-de-la-fundacion-de-la-facultad-de-economia-18132","status":"publish","type":"post","link":"https:\/\/dralvarez.com.mx\/larevista\/yucatan\/celebran-el-46-aniversario-de-la-fundacion-de-la-facultad-de-economia-18132","title":{"rendered":"Celebran el 46 aniversario de la fundaci\u00f3n de la Facultad de Econom\u00eda"},"content":{"rendered":"<\/p>\n<div>M\u00e9rida, Yucat\u00e1n; 2 de octubre de 2017 (ACOM).- Una semana de actividades que se integran con conferencias, charlas, entrega de reconocimientos y mesas de trabajo, dar\u00e1n marco a la celebraci\u00f3n del XLVI Aniversario de la creaci\u00f3n de la Facultad de Econom\u00eda de la Universidad Aut\u00f3noma de Yucat\u00e1n (Uady).<\/div>\n<div><\/div>\n<div>Jorge Canch\u00e9 Escamilla, acad\u00e9mico investigador y organizador de esta semana, se\u00f1al\u00f3 que el programa de actividades de aniversario se incluye en la 46 Semana de la Econom\u00eda en Yucat\u00e1n, donde se abordar\u00e1n temas sobre aspectos medulares de las tareas econ\u00f3micas y una mesa de trabajo sobre aspectos de integraci\u00f3n al proceso econ\u00f3mico de la zona peninsular en la que participaran investigadores y profesores de la instituci\u00f3n.<\/div>\n<div><\/div>\n<div>Canch\u00e9 Escamilla recalc\u00f3 que el programa incluye tambi\u00e9n la presentaci\u00f3n de obras editoriales, investigaciones y aportaciones realizadas por maestros de la Facultad, en este caso, el libro M\u00e9xico y la Constituci\u00f3n de 1917, investigaci\u00f3n realizada por los maestros Ra\u00fal Vela Manzanilla y Ra\u00fal Vela Sosa, este \u00faltimo, ex director de la Facultad.<\/div>\n<div><\/div>\n<div>Destac\u00f3 que los temas a tratar en esta semana de actividades, que est\u00e1 enfocada fundamentalmente a un di\u00e1logo con los estudiantes, incluye una mesa de debate sobre los aspectos que se llevan al cabo en este momento sobre la negociaci\u00f3n del Tratado de Libre Comercio entre M\u00e9xico, Estados Unidos y Canad\u00e1.<\/div>\n<div><\/div>\n<div>Adem\u00e1s, una serie de presentaciones sobre las condiciones del propio TLC y el sector agropecuario mexicano, espec\u00edficamente las agroindustrias yucatecas. Otro tema a presentar, dijo, es la condici\u00f3n del sector automotriz, aspectos log\u00edsticos y nuevas expectativas para el desarrollo industrial de M\u00e9xico ante el paradigma de la transformaci\u00f3n econ\u00f3mica del pa\u00eds.<\/div>\n<div>Las conferencias ofrecen tambi\u00e9n aspectos de nuevas expectativas y din\u00e1micas del proceso econ\u00f3mico de Yucat\u00e1n, por lo que el Secretario de Desarrollo Econ\u00f3mico, Ernesto Herrera Novelo, ofrecer\u00e1 el mi\u00e9rcoles, la ponencia \u201cEvoluci\u00f3n de la Econom\u00eda en Yucat\u00e1n, retos y proyectos para su transformaci\u00f3n\u201d.<\/div>\n<div><\/div>\n<div>Una de las partes medulares de esta Semana de la Econom\u00eda, destac\u00f3 el entrevistado, es una bolsa de trabajo que se llevar\u00e1 al cabo a partir de este jueves, adem\u00e1s del 7o. Foro Internacional de Pol\u00edticas P\u00fablicas Econ\u00f3micas, a cargo del investigador Jos\u00e9 Deniz, docente de la Universidad Complutense de Madrid.<\/div>\n<div><\/div>\n<div>Argument\u00f3 que  para el \u00faltimo d\u00eda del evento se incluye la presentaci\u00f3n del libro. \u201cEl ocaso de la globalizaci\u00f3n\u201d del escritor y economista Arturo Huerta, quien sustentar\u00e1 tambi\u00e9n la conferencia &#8220;La Falta del proyecto de naci\u00f3n en las negociaciones del TLC\u201d, con lo que cerrar\u00e1 el ciclo de actividades de esta semana de actividades.<\/div>\n<p><\/p>\n","protected":false},"excerpt":{"rendered":"<p>La Universidad Aut\u00f3noma de Yucat\u00e1n, de manteles largos.<\/p>\n","protected":false},"author":1018,"featured_media":0,"comment_status":"open","ping_status":"open","sticky":false,"template":"","format":"standard","meta":{"tdm_status":"","tdm_grid_status":"","footnotes":""},"categories":[21],"tags":[],"_links":{"self":[{"href":"https:\/\/dralvarez.com.mx\/larevista\/wp-json\/wp\/v2\/posts\/58534"}],"collection":[{"href":"https:\/\/dralvarez.com.mx\/larevista\/wp-json\/wp\/v2\/posts"}],"about":[{"href":"https:\/\/dralvarez.com.mx\/larevista\/wp-json\/wp\/v2\/types\/post"}],"author":[{"embeddable":true,"href":"https:\/\/dralvarez.com.mx\/larevista\/wp-json\/wp\/v2\/users\/1018"}],"replies":[{"embeddable":true,"href":"https:\/\/dralvarez.com.mx\/larevista\/wp-json\/wp\/v2\/comments?post=58534"}],"version-history":[{"count":0,"href":"https:\/\/dralvarez.com.mx\/larevista\/wp-json\/wp\/v2\/posts\/58534\/revisions"}],"wp:attachment":[{"href":"https:\/\/dralvarez.com.mx\/larevista\/wp-json\/wp\/v2\/media?parent=58534"}],"wp:term":[{"taxonomy":"category","embeddable":true,"href":"https:\/\/dralvarez.com.mx\/larevista\/wp-json\/wp\/v2\/categories?post=58534"},{"taxonomy":"post_tag","embeddable":true,"href":"https:\/\/dralvarez.com.mx\/larevista\/wp-json\/wp\/v2\/tags?post=58534"}],"curies":[{"name":"wp","href":"https:\/\/api.w.org\/{rel}","templated":true}]}}