{"id":58519,"date":"2017-10-03T00:00:00","date_gmt":"2017-10-03T06:00:00","guid":{"rendered":"https:\/\/dralvarez.com.mx\/larevista\/blog\/rinden-compromiso-constitucional-jueces-de-primera-instancia-18117"},"modified":"2017-10-03T00:00:00","modified_gmt":"2017-10-03T06:00:00","slug":"rinden-compromiso-constitucional-jueces-de-primera-instancia-18117","status":"publish","type":"post","link":"https:\/\/dralvarez.com.mx\/larevista\/yucatan\/rinden-compromiso-constitucional-jueces-de-primera-instancia-18117","title":{"rendered":"Rinden compromiso constitucional jueces de primera instancia"},"content":{"rendered":"<\/p>\n<p>Los jueces de primera instancia Selene Guadalupe L\u00f3pez Pacheco, titular del juzgado tercero de oralidad familiar y Ra\u00fal Cano Calder\u00f3n del juzgado segundo mercantil, rindieron compromiso constitucional por un nuevo per\u00edodo como jueces del Poder Judicial del Estado.<\/p>\n<p>En Sesi\u00f3n de Pleno del Consejo de la Judicatura presidida por el Magistrado Presidente del Tribunal Superior de Justicia y del Consejo de la Judicatura Marcos Alejandro Celis Quintal, este los exhort\u00f3 a que contin\u00faen desempe\u00f1ando un papel excelente en su labor como jueces de primera instancia, contin\u00faen en su compromiso con la instituci\u00f3n y la sociedad a trav\u00e9s de sus sentencias apegadas a la ley.<\/p>\n<p>&nbsp;<\/p>\n<p><\/p>\n","protected":false},"excerpt":{"rendered":"<p>Los jueces de primera instancia Selene Guadalupe L\u00f3pez Pacheco, titular del juzgado tercero de oralidad familiar y Ra\u00fal Cano Calder\u00f3n del juzgado segu<\/p>\n","protected":false},"author":1018,"featured_media":0,"comment_status":"open","ping_status":"open","sticky":false,"template":"","format":"standard","meta":{"tdm_status":"","tdm_grid_status":"","footnotes":""},"categories":[21],"tags":[],"_links":{"self":[{"href":"https:\/\/dralvarez.com.mx\/larevista\/wp-json\/wp\/v2\/posts\/58519"}],"collection":[{"href":"https:\/\/dralvarez.com.mx\/larevista\/wp-json\/wp\/v2\/posts"}],"about":[{"href":"https:\/\/dralvarez.com.mx\/larevista\/wp-json\/wp\/v2\/types\/post"}],"author":[{"embeddable":true,"href":"https:\/\/dralvarez.com.mx\/larevista\/wp-json\/wp\/v2\/users\/1018"}],"replies":[{"embeddable":true,"href":"https:\/\/dralvarez.com.mx\/larevista\/wp-json\/wp\/v2\/comments?post=58519"}],"version-history":[{"count":0,"href":"https:\/\/dralvarez.com.mx\/larevista\/wp-json\/wp\/v2\/posts\/58519\/revisions"}],"wp:attachment":[{"href":"https:\/\/dralvarez.com.mx\/larevista\/wp-json\/wp\/v2\/media?parent=58519"}],"wp:term":[{"taxonomy":"category","embeddable":true,"href":"https:\/\/dralvarez.com.mx\/larevista\/wp-json\/wp\/v2\/categories?post=58519"},{"taxonomy":"post_tag","embeddable":true,"href":"https:\/\/dralvarez.com.mx\/larevista\/wp-json\/wp\/v2\/tags?post=58519"}],"curies":[{"name":"wp","href":"https:\/\/api.w.org\/{rel}","templated":true}]}}