{"id":58518,"date":"2017-10-03T00:00:00","date_gmt":"2017-10-03T06:00:00","guid":{"rendered":"https:\/\/dralvarez.com.mx\/larevista\/blog\/capacitacion-laboral-factor-esencial-para-el-crecimiento-economico-18116"},"modified":"2017-10-03T00:00:00","modified_gmt":"2017-10-03T06:00:00","slug":"capacitacion-laboral-factor-esencial-para-el-crecimiento-economico-18116","status":"publish","type":"post","link":"https:\/\/dralvarez.com.mx\/larevista\/yucatan\/capacitacion-laboral-factor-esencial-para-el-crecimiento-economico-18116","title":{"rendered":"Capacitaci\u00f3n laboral, factor esencial para el crecimiento econ\u00f3mico"},"content":{"rendered":"<\/p>\n<p>M\u00e9rida, Yucat\u00e1n, 2 de octubre de 2017.- De acuerdo con indicadores oficiales, la econom\u00eda de Yucat\u00e1n registra en lo que va del a\u00f1o un alza del 6.2 por ciento, fruto del trabajo conjunto entre todos los sectores, por lo que el reto es mantener esa din\u00e1mica a trav\u00e9s de la productividad, que tiene como elemento esencial &nbsp;la capacitaci\u00f3n de los trabajadores, afirm\u00f3 el Gobernador Rolando Zapata Bello.<u><\/u><u><\/u><\/p>\n<p>Al acudir a supervisar los cursos de formaci\u00f3n para y en el trabajo de la plataforma Bien Hecho Yucat\u00e1n, el mandatario resalt\u00f3 que este crecimiento, basado en reportes del Instituto Nacional de Estad\u00edstica y Geograf\u00eda (Inegi), va acompa\u00f1ado de una disminuci\u00f3n de las carencias sociales y la pobreza, as\u00ed como de un incremento en la l\u00ednea de bienestar de las familias.<u><\/u><u><\/u><\/p>\n<p>Para decirlo con mejor claridad, tuvimos una mejor\u00eda substancial: la econom\u00eda de Yucat\u00e1n est\u00e1 creciendo, las carencias y la pobreza en Yucat\u00e1n est\u00e1n disminuyendo. Pero no lo decimos nosotros, lo dicen los indicadores, lo dice el Inegi, expres\u00f3 ante empresarios, representantes del sector productivo, dirigentes de sindicatos magisteriales y centrales obreras.<u><\/u><u><\/u><\/p>\n<p>\u201cAs\u00ed lo visualizamos hace cinco a\u00f1os y reitero hoy ante todos ustedes para los pr\u00f3ximos 365 d\u00edas, garantizar que contin\u00faen muy s\u00f3lidamente sustentados y cimentados para el futuro de Yucat\u00e1n: un crecimiento econ\u00f3mico y una justa distribuci\u00f3n de la riqueza, basados en un ambiente de armon\u00eda, de tranquilidad y de seguridad; ese es el Yucat\u00e1n del siglo XXI\u201d, asever\u00f3.<u><\/u><u><\/u><\/p>\n<p>Acompa\u00f1ado del titular de la Secretar\u00eda de Educaci\u00f3n (Segey), V\u00edctor Caballero Dur\u00e1n, se\u00f1al\u00f3 que la acreditaci\u00f3n y profesionalizaci\u00f3n en diferentes oficios son parte de las dos grandes columnas que sostienen el progreso de la entidad, por lo que reiter\u00f3 la trascendencia que tiene la capacitaci\u00f3n como factor productividad para la econom\u00eda.<u><\/u><u><\/u><\/p>\n<p>En su intervenci\u00f3n, Caballero Dur\u00e1n indic\u00f3 que el gran acierto de esta plataforma es instituir una formaci\u00f3n del capital humano m\u00e1s all\u00e1 de las aulas, pues los cursos van en ambas vertientes: para el autoempleo y la certificaci\u00f3n en las empresas. El espacio est\u00e1 dirigido a adultos que se desempe\u00f1en en alguna actividad, ya sea que trabajen por su cuenta o en alguna compa\u00f1\u00eda.<u><\/u><u><\/u><\/p>\n<p>Durante la visita, Zapata Bello realiz\u00f3 un recorrido por las aulas del Instituto de Capacitaci\u00f3n para el Trabajo del Estado (Icatey) y vio de cerca la impartici\u00f3n de clases de Dise\u00f1o b\u00e1sico publicitario, que prepara a las personas en el uso de software para tal fin, como Photoshop e Ilustrator, y c\u00f3mo imprimir en 3D.<u><\/u><u><\/u><\/p>\n<p>Asimismo, explor\u00f3 los salones destinados a formar en Est\u00e9tica y decoraci\u00f3n de manos, en los que observ\u00f3 las t\u00e9cnicas que se usan para dar masajes de reflexolog\u00eda, cortes de cabello, as\u00ed como para el cuidado de manos y pies.<u><\/u><u><\/u><\/p>\n<p>Como parte de Bien Hecho Yucat\u00e1n, en el Icatey tambi\u00e9n se imparten talleres de Carpinter\u00eda, Plomer\u00eda, Electricidad general y Automotriz, Electr\u00f3nica, Carpinter\u00eda de tarimas, Computaci\u00f3n, Manejo de montacargas, Seguridad en el trabajo y \u00c9tica en el trabajo, as\u00ed como un curso b\u00e1sico para la atenci\u00f3n restaurantera y otros talleres de profesionalizaci\u00f3n y productividad.<\/p>\n<p><b>Discurso del Gobernador Rolando Zapata Bello<\/b><\/p>\n<p>Muchas gracias, muy buenos d\u00edas. Les agradezco mucho a todos quienes nos acompa\u00f1an aqu\u00ed. A m\u00ed me gustar\u00eda saludarlos a todos por su nombre, porque tenemos aqu\u00ed a los diputados federales, locales, a los l\u00edderes empresariales, sindicales, a los estudiantes, al secretario Caballero, los delegados federales, a todos, todos los que se encuentran aqu\u00ed, sin excepci\u00f3n.<\/p>\n<p>Porque de alguna manera o de una manera muy importante, todos formamos parte de ese engranaje que permite que hoy Yucat\u00e1n est\u00e9 caminando por un buen rumbo. Y hac\u00eda la reflexi\u00f3n el secretario Caballero de que llegamos a cinco a\u00f1os de Gobierno, es cierto, hace un par de d\u00edas, cumpl\u00edamos cinco a\u00f1os de Gobierno y, como comentaba yo el d\u00eda de ayer,  pues entramos a la parte m\u00e1s importante: los pr\u00f3ximos 364 d\u00edas para concluir muy bien la administraci\u00f3n.<\/p>\n<p>Y pues estando aqu\u00ed, en este auditorio tan representativo de lo que son los sectores productivos de nuestra entidad, yo comparto con ustedes algunas reflexiones: cuando entramos a la administraci\u00f3n y tenemos un tramo por caminar de seis a\u00f1os o de cinco a\u00f1os,  pues es muy v\u00e1lido decir qu\u00e9 es lo que se pretende hacer, pero cuando se llega al quinto a\u00f1o, lo relevante es decir qu\u00e9 es lo que se ha hecho y qu\u00e9 es lo que se espera para los pr\u00f3ximos, en este caso, 364 d\u00edas.<\/p>\n<p>Las tareas y el quehacer de un Gobierno es muy amplio, pero a fin de cuentas, si lo pudi\u00e9ramos sintetizar y, de una manera muy clara o de una manera muy concreta, tal vez por mi formaci\u00f3n de abogado o espec\u00edfica, lo he hecho, yo siempre me pregunto cu\u00e1l es la funci\u00f3n del Estado en el desarrollo de un estado o de una naci\u00f3n, y est\u00e1 de manera muy concreta establecida en la Constituci\u00f3n de la Rep\u00fablica, en el Art\u00edculo 25.<\/p>\n<p>El gran prop\u00f3sito o su funci\u00f3n en el desarrollo es propiciar un crecimiento econ\u00f3mico y garantizar una justa distribuci\u00f3n de la riqueza, esto es que la econom\u00eda crezca y que la pobreza disminuya; la una sin lo otro o lo otro sin lo uno, es incompleto, es desequilibrio, propicia desequilibrios en las sociedades, o bien, propicia mayor desigualdad o propicia, de alguna manera, rezagos mayores.<\/p>\n<p>Y venturosamente,  podemos decir, a cinco a\u00f1os de haber iniciado la administraci\u00f3n, con n\u00fameros en la mano, que la econom\u00eda de Yucat\u00e1n est\u00e1 creciendo. Despu\u00e9s de tener un 2013 y un 2014 con ciertos signos de estabilidad, crecimientos del uno por ciento, dos por ciento, en 2015 y 2016, la econom\u00eda de Yucat\u00e1n, el Producto Interno Bruto, creci\u00f3 al ritmo del cuatro por ciento.<\/p>\n<p>Eso, \u00bfes mucho o es poco? Siempre lo preguntamos. Bueno, siempre es bueno tener referencias o referentes, \u00bfverdad? Porque el Producto Interno Bruto es una medici\u00f3n universal, puede comparar c\u00f3mo crece la econom\u00eda de una naci\u00f3n o de una entidad analizando su valor, en este caso, de producci\u00f3n en todos los casos; entonces, es totalmente equiparable.<\/p>\n<p>Hoy, la econom\u00eda de Estados Unidos, la naci\u00f3n hermana, est\u00e1 creciendo en el orden de uno, 1.5 por ciento; el crecimiento de la econom\u00eda de M\u00e9xico, que es el crecimiento de los m\u00e1s destacados en Latinoam\u00e9rica \u2013desafortunadamente, vemos que varios pa\u00edses hermanos de Latinoam\u00e9rica est\u00e1n teniendo momentos complejos en su econom\u00eda y no solamente no est\u00e1n creciendo sino que est\u00e1n decreciendo\u2013, la econom\u00eda de M\u00e9xico est\u00e1 creciendo entre dos, 2.5 por ciento, que es muy bueno.<\/p>\n<p>La econom\u00eda de Yucat\u00e1n, repito, en 2015 y 2016, creci\u00f3 al cuatro por ciento y, en 2017, los indicadores m\u00e1s actualizados, se\u00f1alan un crecimiento del seis por ciento del Producto Interno Bruto. Yo recuerdo que, durante muchos a\u00f1os, a\u00fan en estos tiempos, el paradigma de crecimiento econ\u00f3mico se ubicaba en China, \u00bfverdad? Que muchos a\u00f1os estuvo creciendo al siete por ciento del Producto Interno Bruto y era una referencia muy importante el crecimiento de China.<\/p>\n<p>Bueno, pues en 2017, los indicadores oficiales con los que se cuentan, se\u00f1alan que la econom\u00eda de Yucat\u00e1n est\u00e1 creciendo a un 6.2 por ciento, eso es lo que est\u00e1 sucediendo en Yucat\u00e1n y eso es lo que estamos haciendo todos, porque lo est\u00e1n haciendo los empresarios con su inversi\u00f3n, con su confianza; lo est\u00e1n haciendo los trabajadores, cumpliendo con su responsabilidad cada quien; las autoridades, los servidores p\u00fablicos; todos, cada quien est\u00e1 haciendo su parte y ese es el Yucat\u00e1n que hoy tenemos.<\/p>\n<p>Si nos vamos al otro extremo, o si nos vamos al otro elemento del equilibrio, todav\u00eda la semana pasa, no, m\u00e1s, tiene como un mes, tres semanas, sacaron los resultados del Coneval y Yucat\u00e1n fue el tercer lugar, de los 32 estados, el tercer lugar que m\u00e1s disminuy\u00f3 la pobreza extrema y disminuimos tambi\u00e9n, de manera muy relevante, la pobreza moderada, que son los dos grandes indicadores.<\/p>\n<p>Y en todos los elementos que califican o que se\u00f1alan; o mejor dicho, la caracterizaci\u00f3n de la pobreza, carencia alimentaria, carencia por educaci\u00f3n, carencia por salud, carencia por higiene, por vivienda, servicios b\u00e1sicos, el nivel social, l\u00ednea de ingreso, hubo incremento, o mejor dicho, mejor\u00eda.<\/p>\n<p>Mejor\u00eda, porque all\u00ed lo que se valora es el decremento, o sea que disminuyan las carencias, pero para decirlo con mejor claridad, en todos tuvimos una mejor\u00eda substancial. Es importante, la econom\u00eda de Yucat\u00e1n est\u00e1 creciendo, las carencias y la pobreza en Yucat\u00e1n est\u00e1n disminuyendo. No lo decimos nosotros, lo dicen los indicadores, lo dice nuestro Inegi.<\/p>\n<p>Y como dije al principio de nuestra administraci\u00f3n, pues el trabajo no se mide por esfuerzos, se mide por resultados. T\u00fa puedes trabajar y trabajar y trabajar, pero si est\u00e1s dando vuelta sobre tu propio eje y no avanzas, pues al fin de cuentas no es lo que se pretende. Los resultados de alguna manera son los que nos deben indicar si las cosas est\u00e1n caminando bien o si las cosas no est\u00e1n caminando bien.<\/p>\n<p>Y hago la referencia con ustedes porque hablamos de crecimiento econ\u00f3mico, hablamos de la disminuci\u00f3n de la pobreza, incremento en la l\u00ednea del bienestar, porque la una est\u00e1 ligada con la otra. Ese crecimiento econ\u00f3mico, esa generaci\u00f3n de empleos, 62 mil empleos, nuevos registros en el IMSS, y nuevamente preguntamos  \u00bfson muchos o son pocos?<\/p>\n<p>62 mil empleos en cinco a\u00f1os, en los 12 a\u00f1os previos se hab\u00edan generado 52 mil, vea usted la proporci\u00f3n; en 12 a\u00f1os 52 mil empleos y en estos cinco a\u00f1os, 62 mil. Eso es lo que estamos haciendo todos, eso es lo que estamos haciendo cada quien por su parte.<\/p>\n<p>Esto en un contexto de seguridad, de armon\u00eda que yo creo es lo m\u00e1s preciado que tenemos todos. El hecho de vivir en una sociedad de armon\u00eda y tranquilidad, con seguridad, es lo que nos permite que cada quien haga la actividad y la parte que le corresponda y eso permite que nuestra sociedad est\u00e9 caminando.<\/p>\n<p>Entonces, con este contexto, que no podr\u00eda decir yo \u201ccon esta breve introducci\u00f3n\u201d, porque no ha sido tan breve; pero, para m\u00ed importante, porque esta reflexi\u00f3n que les he hecho es una visi\u00f3n de pol\u00edtica p\u00fablica de visi\u00f3n de Estado, nos enmarca y nos contextualiza la importancia de un instituto como \u00e9ste, un centro de capacitaci\u00f3n.<\/p>\n<p>Y les voy a decir, para una de las grandes columnas a las que me refer\u00ed, que es el crecimiento econ\u00f3mico, el crecimiento eso es. No aspiramos a que Yucat\u00e1n tenga un crecimiento del cuatro por ciento, del cinco por ciento, del seis por ciento del Producto Interno Bruto un a\u00f1o y ya, y al a\u00f1o siguiente regresemos a crecer un medio por ciento o uno por ciento.<\/p>\n<p>Cuando una sociedad tiene una din\u00e1mica de crecimiento, el gran reto es sostener esa din\u00e1mica de crecimiento, ese es el tema, porque el Producto Interno Bruto puede crecer cuatro puntos, pero si no mantienes la din\u00e1mica de crecimiento, al a\u00f1o siempre crecer\u00e1s un uno por ciento.<\/p>\n<p>Y no quiere decir que caigas, no, s\u00f3lo que creciste menos. Una sociedad como la nuestra, en estados como el nuestro, necesita tener niveles de crecimiento de entre tres y el cuatro del Producto Interno Bruto para garantizar una sostenibilidad de los requerimientos de su poblaci\u00f3n en materia de generaci\u00f3n de empleos, en materia de equilibrio de ingreso, todos esos temas.<\/p>\n<p>Y para que ese crecimiento econ\u00f3mico y esa din\u00e1mica de crecimiento se mantengan,  hay un factor que es esencial: la productividad. Viro a ver ac\u00e1 a don Pedro porque con la CROC se han hecho trabajos muy importantes, con las c\u00e1maras empresariales y todo por el tema de la productividad. La productividad que tengan las empresas que se tengan en el estado, es importante producir m\u00e1s, producir mejor.<\/p>\n<p>Y para el factor de la productividad es esencial un elemento que se llama capacitaci\u00f3n: que los trabajadores que est\u00e9n hoy trabajando en las plantas laborales, en las plantas productivas del estado, tengan mejores aptitudes, mejores habilidades, mejores capacidades y de esa manera, junto a otros elementos, se incremente la productividad en el estado.<\/p>\n<p>Y ese elemento contribuye para que el crecimiento econ\u00f3mico se d\u00e9, adem\u00e1s del otro gran factor que es la inversi\u00f3n. La inversi\u00f3n es esencial, m\u00e1s inversi\u00f3n es igual a m\u00e1s crecimiento econ\u00f3mico. Pero tambi\u00e9n, con la misma planta productiva, con m\u00e1s productividad, tambi\u00e9n viene el crecimiento econ\u00f3mico, y aqu\u00ed los empresarios lo saben, produces m\u00e1s y produces mejor por lo mismo.<\/p>\n<p>Por eso, el aporte de este Instituto para la econom\u00eda del estado es muy importante y reconozco aqu\u00ed al delegado de la Secretaria del Trabajo y Previsi\u00f3n Social porque, adem\u00e1s, esos elementos de capacitaci\u00f3n son un derecho que tienen los trabajadores.<\/p>\n<p>Y de esta manera, como hemos escuchado, este Instituto va a contribuir a la oferta y a apoyar a las empresas, para que pueda ampliarse esa oferta de capacitaci\u00f3n que se requiere: capacitaci\u00f3n pertinente, capacitaci\u00f3n cient\u00edfica, capacitaci\u00f3n de calidad que se requiere para que incrementen las capacidades productivas de su planta.<\/p>\n<p>Pero si nos vamos a la otra gran columna que es garantizar condiciones de igualdad, de bienestar, la vertiente social que debe existir en todo el estado, tambi\u00e9n este Instituto le da muy buenas noticias a nuestro estado, porque le brinda oportunidades a las mujeres y a los hombres de mejorar en sus condiciones, en este caso formativas y de oferta para tener mejores ingresos.<\/p>\n<p>\u00bfY por qu\u00e9 en su capital humano, en su formaci\u00f3n? Por algo muy importante: la capacitaci\u00f3n que se brinde ac\u00e1 le va a permitir a las alumnas y a los alumnos contar con un certificado, con una acreditaci\u00f3n que certifique sus aptitudes, que certifique sus habilidades; y es un certificado avalado, tanto por la Secretar\u00eda de Educaci\u00f3n como por la Secretar\u00eda del Trabajo y Previsi\u00f3n Social.<\/p>\n<p>Y ese certificado le permite al trabajador o al estudiante, si no tiene un trabajo, o bien generarse condiciones para tener su propio proyecto que lo auto emplee, o bien generarse mejores condiciones de contrataci\u00f3n, acreditando que tiene las habilidades.<\/p>\n<p>Porque muchas veces sucede, hay quien, por decir: un joven que a lo mejor es hijo de un electricista y desde ni\u00f1o lo ayud\u00f3, sabe, conoce y tiene todas las habilidades. Pero, si hay un puesto donde est\u00e1n contratando a un electricista en una industria y va y dice \u201cyo soy electricista\u201d le van a responder \u201c\u00bfqu\u00e9 tienes?\u201d, \u201cno tengo ninguna acreditaci\u00f3n\u201d \u201cah bueno, vas a entrar con determinado nivel para ver si sabes\u201d. En este caso, se acredita \u00e9l con su certificado que le expedir\u00e1n ac\u00e1 y \u00e9l est\u00e1 acreditando una habilidad, un talento, una capacidad que luego ir\u00e1 demostrando en su trabajo diario.<\/p>\n<p>Y eso, repito, es una mejor\u00eda en las condiciones de las personas porque tambi\u00e9n un trabajador que ya tiene un empleo estable en una f\u00e1brica, en una planta, tiene una habilidad pero al acreditarse con este curso y obtener una certificaci\u00f3n, le permite acceder en su misma planta a mejores oportunidades de ascenso cuando se generen las oportunidades.<\/p>\n<p>Porque a fin de cuentas, est\u00e1s construyendo una ficha curricular personal para que vayas mejorando. Y estoy seguro de que habr\u00e1 la oportunidad de que los alumnos tomen un curso y se acrediten; y, tal vez, tomen otro en idiomas, en computaci\u00f3n, en materias sustantivas, en fin.<\/p>\n<p>Este Instituto, repito, le trae muy buenas noticias a Yucat\u00e1n y estoy seguro de que ya le est\u00e1 reportando y le estar\u00e1 reportando mejores resultados a esas dos grandes columnas que en esencia, as\u00ed lo visualizamos hace cinco a\u00f1os y reitero hoy, ante todos ustedes, para los pr\u00f3ximos 365 d\u00edas, garantizar que contin\u00faen muy s\u00f3lidamente sustentadas y cimentadas para el futuro de Yucat\u00e1n.<\/p>\n<p>Un crecimiento econ\u00f3mico y una justa distribuci\u00f3n de la riqueza basados en un ambiente de armon\u00eda, de tranquilidad y de seguridad, ese es el Yucat\u00e1n del siglo XXI.<\/p>\n<\/p>\n<p>\u00a1Muchas gracias! &nbsp;<\/p>\n<p><\/p>\n","protected":false},"excerpt":{"rendered":"<p>Bien Hecho Yucat\u00e1n abona a la econom\u00eda familiar mediante la profesionalizaci\u00f3n del desempe\u00f1o.<\/p>\n","protected":false},"author":1018,"featured_media":0,"comment_status":"open","ping_status":"open","sticky":false,"template":"","format":"standard","meta":{"tdm_status":"","tdm_grid_status":"","footnotes":""},"categories":[21],"tags":[],"_links":{"self":[{"href":"https:\/\/dralvarez.com.mx\/larevista\/wp-json\/wp\/v2\/posts\/58518"}],"collection":[{"href":"https:\/\/dralvarez.com.mx\/larevista\/wp-json\/wp\/v2\/posts"}],"about":[{"href":"https:\/\/dralvarez.com.mx\/larevista\/wp-json\/wp\/v2\/types\/post"}],"author":[{"embeddable":true,"href":"https:\/\/dralvarez.com.mx\/larevista\/wp-json\/wp\/v2\/users\/1018"}],"replies":[{"embeddable":true,"href":"https:\/\/dralvarez.com.mx\/larevista\/wp-json\/wp\/v2\/comments?post=58518"}],"version-history":[{"count":0,"href":"https:\/\/dralvarez.com.mx\/larevista\/wp-json\/wp\/v2\/posts\/58518\/revisions"}],"wp:attachment":[{"href":"https:\/\/dralvarez.com.mx\/larevista\/wp-json\/wp\/v2\/media?parent=58518"}],"wp:term":[{"taxonomy":"category","embeddable":true,"href":"https:\/\/dralvarez.com.mx\/larevista\/wp-json\/wp\/v2\/categories?post=58518"},{"taxonomy":"post_tag","embeddable":true,"href":"https:\/\/dralvarez.com.mx\/larevista\/wp-json\/wp\/v2\/tags?post=58518"}],"curies":[{"name":"wp","href":"https:\/\/api.w.org\/{rel}","templated":true}]}}