{"id":58483,"date":"2017-10-02T00:00:00","date_gmt":"2017-10-02T06:00:00","guid":{"rendered":"https:\/\/dralvarez.com.mx\/larevista\/blog\/hay-talento-en-nuestras-comunidades-rurales-liborio-vidal-18079"},"modified":"2017-10-02T00:00:00","modified_gmt":"2017-10-02T06:00:00","slug":"hay-talento-en-nuestras-comunidades-rurales-liborio-vidal-18079","status":"publish","type":"post","link":"https:\/\/dralvarez.com.mx\/larevista\/yucatan\/hay-talento-en-nuestras-comunidades-rurales-liborio-vidal-18079","title":{"rendered":"Hay talento en nuestras comunidades rurales: Liborio Vidal"},"content":{"rendered":"<\/p>\n<p>Tekax, Yucat\u00e1n, a 1 de octubre de 2017. \u201cAntes ve\u00eda bien, ahora voy a ver mejor con mis lentes\u201d, dijo Carmen Torres, originaria de Tekax y para quien el programa #VeoBien con el #AmigoLibo result\u00f3 la oportunidad de poder cambiar sus lentes debido al ajuste de la graduaci\u00f3n.<\/p>\n<p>Liborio Vidal Aguilar lleg\u00f3 a Tekax y se encontr\u00f3 con m\u00e1s de 650 personas que lo esperaban para conocerlo y agradecer que incluyera al municipio en uno de los programas que ha gestionado en beneficio de la gente.<\/p>\n<p>El alcalde Josu\u00e9 Couoh Tzec dio la bienvenida a todos los presentes y en particular al #AmigoLibo, cuyo equipo de optometristas y operativo recorre los municipios yucatecos, as\u00ed como las colonias y comisar\u00edas de M\u00e9rida llev\u00e1ndoles salud visual.<\/p>\n<p>\u201cHoy conoc\u00ed un poco m\u00e1s de Liborio Vidal y tengo en la mente lo que expres\u00f3 ante ejidatarios y los hombres de la gente del campo. Liborio Vidal hoy es un empresario exitoso, pero su origen y el de su se\u00f1or padre es humilde, y creo que por ese origen es que tenemos aqu\u00ed a un hombre sensible a los problemas que vivimos en el interior del Estado\u201d, manifest\u00f3 el alcalde.<\/p>\n<p>Desde su llegada Vidal Aguilar tuvo un \u201cnuevo y muy particular\u201d fot\u00f3grafo, el ni\u00f1o Efra\u00edn Concepci\u00f3n May Cauich, de 12 a\u00f1os de edad, lo sigui\u00f3 durante todo el evento tom\u00e1ndole fotos con un celular. \u201cEs la primera vez que conozco al #AmigoLibo pero lo voy a recordar\u201d, mencion\u00f3 el menor.<\/p>\n<p>En su discurso, Liborio Vidal habl\u00f3 de la importancia de que las generaciones que van surgiendo tengan mayores oportunidades acad\u00e9micas.<\/p>\n<p>\u201cEn Yucat\u00e1n, hay dos mil 200 comunidades rurales, hay j\u00f3venes e hijos de campesinos que tienen mucho talento y que merecen una oportunidad. Hay que seguir avanzando para que los ni\u00f1os y j\u00f3venes tengan mejores oportunidades\u201d, manifest\u00f3.<\/p>\n<p>Agreg\u00f3 que el trabajo del gobernador Rolando Zapata Bello est\u00e1 sentando las bases para el desarrollo de Yucat\u00e1n y esto permitir\u00e1 que quienes hoy son unos ni\u00f1os vivan en un Yucat\u00e1n m\u00e1s pr\u00f3spero, \u201cque vivan en el Yucat\u00e1n con el que todos so\u00f1amos\u201d.<\/p>\n<p><\/p>\n","protected":false},"excerpt":{"rendered":"<p>M\u00e1s de 650 personas reciben al #AmigoLibo en Tekax<\/p>\n","protected":false},"author":1018,"featured_media":0,"comment_status":"open","ping_status":"open","sticky":false,"template":"","format":"standard","meta":{"tdm_status":"","tdm_grid_status":"","footnotes":""},"categories":[21],"tags":[],"_links":{"self":[{"href":"https:\/\/dralvarez.com.mx\/larevista\/wp-json\/wp\/v2\/posts\/58483"}],"collection":[{"href":"https:\/\/dralvarez.com.mx\/larevista\/wp-json\/wp\/v2\/posts"}],"about":[{"href":"https:\/\/dralvarez.com.mx\/larevista\/wp-json\/wp\/v2\/types\/post"}],"author":[{"embeddable":true,"href":"https:\/\/dralvarez.com.mx\/larevista\/wp-json\/wp\/v2\/users\/1018"}],"replies":[{"embeddable":true,"href":"https:\/\/dralvarez.com.mx\/larevista\/wp-json\/wp\/v2\/comments?post=58483"}],"version-history":[{"count":0,"href":"https:\/\/dralvarez.com.mx\/larevista\/wp-json\/wp\/v2\/posts\/58483\/revisions"}],"wp:attachment":[{"href":"https:\/\/dralvarez.com.mx\/larevista\/wp-json\/wp\/v2\/media?parent=58483"}],"wp:term":[{"taxonomy":"category","embeddable":true,"href":"https:\/\/dralvarez.com.mx\/larevista\/wp-json\/wp\/v2\/categories?post=58483"},{"taxonomy":"post_tag","embeddable":true,"href":"https:\/\/dralvarez.com.mx\/larevista\/wp-json\/wp\/v2\/tags?post=58483"}],"curies":[{"name":"wp","href":"https:\/\/api.w.org\/{rel}","templated":true}]}}