{"id":58470,"date":"2017-10-02T00:00:00","date_gmt":"2017-10-02T06:00:00","guid":{"rendered":"https:\/\/dralvarez.com.mx\/larevista\/blog\/yucatan-consolida-su-plataforma-de-innovacion-e-investigacion-18066"},"modified":"2017-10-02T00:00:00","modified_gmt":"2017-10-02T06:00:00","slug":"yucatan-consolida-su-plataforma-de-innovacion-e-investigacion-18066","status":"publish","type":"post","link":"https:\/\/dralvarez.com.mx\/larevista\/yucatan\/yucatan-consolida-su-plataforma-de-innovacion-e-investigacion-18066","title":{"rendered":"Yucat\u00e1n consolida su plataforma de innovaci\u00f3n e investigaci\u00f3n"},"content":{"rendered":"<\/p>\n<p>Motul, Yucat\u00e1n, 29 de septiembre de 2017.- Con equipo innovador, modernas instalaciones y herramientas especializadas, estudiantes del Instituto Tecnol\u00f3gico Superior de Motul (Itsmotul) consolidar\u00e1n su formaci\u00f3n integral al poner en pr\u00e1ctica sus conocimientos y emprender proyectos de investigaci\u00f3n en el nuevo Laboratorio Multidisciplinario de Ingenier\u00eda Electromec\u00e1nica.<\/p>\n<p>Este d\u00eda, el Gobernador Rolando Zapata Bello inaugur\u00f3 dicho espacio, que implic\u00f3 una inversi\u00f3n de m\u00e1s de 11.5 millones de pesos en obra y equipamiento, otorgada a trav\u00e9s del Programa de Expansi\u00f3n de la Oferta en Educaci\u00f3n Media Superior y Superior. As\u00ed, queda a disposici\u00f3n de los 830 j\u00f3venes de 30 municipios de la zona matriculados en esta instituci\u00f3n, para encauzar el desarrollo de sus ideas.<\/p>\n<p>Acompa\u00f1ado del titular de la Secretar\u00eda de Investigaci\u00f3n, Innovaci\u00f3n y Educaci\u00f3n Superior (Siies), Ra\u00fal Godoy Monta\u00f1ez, el mandatario afirm\u00f3 que la entidad cuenta con una s\u00f3lida plataforma de innovaci\u00f3n e investigaci\u00f3n para que las nuevas generaciones transformen su futuro y el del estado.<\/p>\n<p>\u201cUstedes los j\u00f3venes son la principal fortaleza para que Yucat\u00e1n mantenga el camino, porque el rumbo que tiene hoy es de crecimiento econ\u00f3mico, desarrollo, certeza, y sabemos hacia d\u00f3nde y cu\u00e1les son los pasos que tenemos que dar\u201d, asever\u00f3 luego de recordar que, en lo que va de 2017, la entidad se mantiene en el primer lugar nacional en crecimiento industrial.<\/p>\n<p>Ante autoridades estatales y acad\u00e9micas, el titular del Poder Ejecutivo indic\u00f3 que est\u00e1n dadas las condiciones para que los m\u00e1s de 170 mil j\u00f3venes que estudian en el nivel superior cuenten con oportunidades para desempe\u00f1arse profesionalmente en su campo, as\u00ed como para integrarse a un ecosistema que dinamice y dirija bien sus aptitudes.<\/p>\n<p>En ese sentido, record\u00f3 que se est\u00e1 apostando por planes orientados a las nuevas tecnolog\u00edas en favor del desarrollo, como los parques e\u00f3licos que se establecer\u00e1n en el \u00e1rea y la creaci\u00f3n de la Zona Econ\u00f3mica Especial (ZEE) en el municipio de Progreso, que exigir\u00e1 capital humano de calidad y generar\u00e1 alrededor de 20 mil empleos formales.<\/p>\n<p>En su intervenci\u00f3n, Godoy Monta\u00f1ez destac\u00f3 la disposici\u00f3n de la administraci\u00f3n estatal para continuar fomentando una din\u00e1mica que permita a las empresas acercarse a las aulas para identificar el talento yucateco, ofrecerles oportunidades de seguir aprendiendo y, m\u00e1s adelante, garantizarles su entrada a la vida productiva.<\/p>\n<p>A nombre de la comunidad estudiantil, Karla Julissa Campos Lope, alumna de tercer semestre de Ingenier\u00eda Electromec\u00e1nica, destac\u00f3 que con este nuevo espacio de aprendizaje, ella y sus compa\u00f1eros podr\u00e1n maximizar sus habilidades, lo que les asegura un brillante porvenir.<\/p>\n<p>Tras escuchar al grupo de trova del Itsmotul en uno de sus ensayos, el Gobernador recorri\u00f3 el edificio que, en sus 985.96 metros cuadrados, ofrece laboratorios especializados en Electromec\u00e1nica, Qu\u00edmica, M\u00e1quinas y motores, Procesos industriales, Procesos de manufactura, Metrolog\u00eda, Bordado, e Hidr\u00e1ulica y Neum\u00e1tica.<\/p>\n<p>Tambi\u00e9n, cuenta con un amplio almac\u00e9n para el resguardo de utensilios y consumibles para uso en las pr\u00e1cticas, cuarto de telecomunicaciones y servicio, as\u00ed como sanitarios para hombres y mujeres.<\/p>\n<p><b><i>Discurso del Gobernador Rolando Zapata Bello <\/i><\/b><\/p>\n<p>Muy buenos d\u00edas. Me da un enorme gusto estar aqu\u00ed y que el motivo que nos re\u00fana sea, precisamente, la inauguraci\u00f3n de este Laboratorio Multidisciplinario, que en un momento m\u00e1s estaremos recorriendo y que, sin duda, va a representar una columna muy s\u00f3lida para la formaci\u00f3n integral de todos los estudiantes de este important\u00edsimo Instituto Tecnol\u00f3gico Superior de Motul.<u><\/u><u><\/u><\/p>\n<p>Perm\u00edtanme saludar al se\u00f1or presidente municipal, muchas gracias, presidente; a las distinguidas diputadas, diputada federal, diputada local, siempre por todo su apoyo; me da much\u00edsimo gusto saludar al maestro C\u00e9sar P\u00e9rez Flota, director General de este Instituto, flamante director General, saludarlo y reconocer, en cada uno de los integrantes de la planta acad\u00e9mica, la planta administrativa y la planta laboral, ese compromiso que tienen con la juventud.<u><\/u><u><\/u><\/p>\n<p>Nos consta que este es un instituto que, a 17 a\u00f1os de haberse inaugurado, cada d\u00eda va evolucionando, va fortaleci\u00e9ndose y eso es producto de un trabajo de todos, de una gran familia que hoy encuentra renovados br\u00edos, precisamente con estas nuevas instalaciones, y con esta voluntad y disposici\u00f3n de todos los trabajadores y servidores, desde su director General. Muchas felicidades, C\u00e9sar, y el mayor de los \u00e9xitos, que sabemos que vas a tener en esta responsabilidad.<u><\/u><u><\/u><\/p>\n<p>Y a cada uno de los j\u00f3venes estudiantes, se\u00f1oritas que est\u00e1n aqu\u00ed estudiando, yo les veo y siento una gran emoci\u00f3n, siento una gran emoci\u00f3n al saludar a todas las autoridades, funcionarios que se encuentran aqu\u00ed; una gran emoci\u00f3n, porque veo en ustedes, como lo he expresado en diferentes momentos, la mayor de las fortalezas para Yucat\u00e1n.<u><\/u><u><\/u><\/p>\n<p>F\u00edjense: hemos escuchado ya un planteamiento de una visi\u00f3n muy clara de lo que representa el papel de la educaci\u00f3n para la formaci\u00f3n integral de todos ustedes y su papel en nuestro estado, como bien lo ha expresado el director General, el maestro C\u00e9sar P\u00e9rez Flota.<u><\/u><u><\/u><\/p>\n<p>Hemos escuchado, con una gran precisi\u00f3n, la importancia de la formaci\u00f3n pr\u00e1ctica en ese proceso educativo y la importancia de contar con los elementos para esa formaci\u00f3n, como es el caso de un laboratorio, y de diferentes elementos y herramientas, como bien lo expres\u00f3 el doctor Ra\u00fal Godoy Monta\u00f1ez con la maestr\u00eda que lo caracteriza.<u><\/u><u><\/u><\/p>\n<p>Hemos escuchado en la voz de Karla esa descripci\u00f3n puntual del contenido de los laboratorios y esa vinculaci\u00f3n con la formaci\u00f3n de cada carrera, y algo que dijo ella que es muy importante: la vinculaci\u00f3n, tambi\u00e9n, con el proceso pr\u00e1ctico y los procesos de investigaci\u00f3n que existen en el estado, porque en Yucat\u00e1n existe una gran plataforma de investigaci\u00f3n, innovaci\u00f3n, que est\u00e1 a disposici\u00f3n de ustedes.<u><\/u><u><\/u><\/p>\n<p>Y esa reflexi\u00f3n con la que ella cerraba su intervenci\u00f3n, pues es digna de mencionarse, el hecho de que las ingenier\u00edas est\u00e1n llamadas, precisamente, a ir transformando nuestra realidad, nuestro mundo, y no es ninguna casualidad que sean precisamente las ingenier\u00edas las carreras que han obtenido mayor crecimiento en los \u00faltimos a\u00f1os en nuestro estado.<u><\/u><u><\/u><\/p>\n<p>Y no es casualidad, tambi\u00e9n, que podamos decir con mucho orgullo que, de los pa\u00edses miembros del OCDE, M\u00e9xico es el cuarto lugar con mayor n\u00famero de j\u00f3venes en las ingenier\u00edas, que es un indicador que refleja c\u00f3mo van las sociedades y las naciones en este tema porque, a fin de cuentas, cuando se habla sobre desarrollo, uno siempre debe pensar que debe encaminar sus pasos hacia donde est\u00e1 yendo el futuro.<u><\/u><u><\/u><\/p>\n<p>Y el futuro no lo determinamos unilateralmente nosotros; vivimos en un espectro global donde las propias tendencias van marcando los espacios de \u00e9xito, de producci\u00f3n, de innovaci\u00f3n, y ah\u00ed es donde cada uno de nosotros debe de encontrar y generar los espacios de oportunidad, y en el caso particular de Yucat\u00e1n, yo hago, ante todos ustedes, una expresi\u00f3n estad\u00edstica pero, sobre todo, realistamente sustentada: hoy, en Yucat\u00e1n, tenemos la mejor preparada de nuestros j\u00f3venes y nuestros estudiantes.<u><\/u><u><\/u><\/p>\n<p>El n\u00famero, el volumen de j\u00f3venes que est\u00e1n en el nivel medio superior y en el nivel superior rebasa los 170 mil; esa es la juventud que est\u00e1 form\u00e1ndose hoy en Yucat\u00e1n, en las aulas de educaci\u00f3n media superior y superior, y son ustedes, precisamente, los que nos hacen mirar a todos los yucatecos el futuro con optimismo.<u><\/u><u><\/u><\/p>\n<p>Y habiendo escuchado estas intervenciones tan puntuales sobre el motivo que nos re\u00fane, yo quisiera centrarme en una reflexi\u00f3n: en el futuro de ustedes; ese futuro que yo s\u00e9 que significa mucho para todo Yucat\u00e1n pero sobretodo significa mucho para sus padres, para sus hermanos, para sus familias, porque saben qu\u00e9 j\u00f3venes, yo s\u00e9 perfectamente que junto a cada uno de ustedes, casi 800 estudiantes de este instituto, hay una historia personal, una historia de vida.<u><\/u><u><\/u><\/p>\n<p>Y s\u00e9 perfectamente que, en el mayor de los casos, esa historia personal es una historia de esfuerzo, de sacrificio, de oportunidades, que a lo mejor sus padres no tuvieron, de estudiar un nivel superior, y si ustedes me preguntan \u201c\u00bfcu\u00e1l es la m\u00e1xima aspiraci\u00f3n o una gran aspiraci\u00f3n que tienen ustedes y sus padres?\u201d, yo estoy seguro que pudi\u00e9ramos decir ese momento tan importante, que s\u00e9 que llegar\u00e1, que ustedes tengan un t\u00edtulo cuando egresen aqu\u00ed de la instituci\u00f3n y tengan sus t\u00edtulos que los acredite como ingenieros en las diferentes materias en las que est\u00e1n estudiando.<u><\/u><u><\/u><\/p>\n<p>Pero s\u00e9 tambi\u00e9n que hay un momento m\u00e1s importante a\u00fan que ese y, \u00bfsaben cu\u00e1l es? El momento en el que ustedes se incorporen a la vida productiva; es decir, tengan un empleo, tengan su propio proyecto, desarrollen su propio proyecto y se desarrollen profesionalmente en el \u00e1mbito para el cual estudiaron, se prepararon, y tambi\u00e9n s\u00e9 perfectamente que ese momento llegar\u00e1 en la medida en que todos ustedes hagan la parte que les corresponde: estudiar.<u><\/u><u><\/u><\/p>\n<p>Y nosotros, como autoridades, haremos nuestra parte, que es poner a su disposici\u00f3n las herramientas para que tengan una formaci\u00f3n integral, pero tambi\u00e9n es indispensable que en nuestro estado existan las condiciones de crecimiento y desarrollo para albergar todo el capital humano que ustedes representan. Esto es, uno puede tener su t\u00edtulo, s\u00ed, pero si en su estado no se est\u00e1 dando una din\u00e1mica econ\u00f3mica y de crecimiento, entonces \u00bfqu\u00e9 es lo que sucede?<u><\/u><u><\/u><\/p>\n<p>Muchas veces, uno tiene que agarrar su t\u00edtulo e irse a trabajar a otra parte, o bien, acabar trabajando en algo que no es precisamente en lo que estudi\u00f3, y eso es lo que no queremos en Yucat\u00e1n. Y hoy est\u00e1n dadas las condiciones para que, en el futuro inmediato, todos ustedes encuentren un cauce adecuado para su actividad y para su vida productiva.<u><\/u><u><\/u><\/p>\n<p>Y se los digo de forma muy concreta: para que haya inversi\u00f3n y se generen empleos, y se generen espacios y oportunidades laborales de calidad, tiene que haber crecimiento econ\u00f3mico. Hoy, Yucat\u00e1n, en este 2017, est\u00e1 creciendo a un seis por ciento del Producto Interno Bruto; en 2015 y 2016, creci\u00f3 a un cuatro por ciento.<u><\/u><u><\/u><\/p>\n<p>Y eso, \u00bfes mucho o es poco? La econom\u00eda de Estados Unidos est\u00e1 creciendo a un ritmo de un punto del Producto Interno Bruto; la econom\u00eda de M\u00e9xico, que es de las m\u00e1s destacadas en toda Latinoam\u00e9rica, est\u00e1 creciendo al dos, 2.5 por ciento, y nosotros, en este 2017, los indicadores que llevamos hasta este momento, nos marcan un crecimiento de alrededor del seis por ciento. Eso es lo que est\u00e1 sucediendo en Yucat\u00e1n.<u><\/u><u><\/u><\/p>\n<p>\u00bfY cu\u00e1les son las ramas de crecimiento? Podemos hablar, por supuesto, de un proceso de reindustrializaci\u00f3n; el sector que mayor crecimiento y pujanza tiene hoy en Yucat\u00e1n es el sector industrial, el sector secundario. En todo lo que va de 2017, esc\u00fachenme bien, todo lo que va de 2017, de los 32 estados de la Rep\u00fablica, el estado que va en primer lugar, primero, en mayor crecimiento industrial, \u00bfsaben cu\u00e1l es? Yucat\u00e1n.<u><\/u><u><\/u><\/p>\n<p>Yucat\u00e1n es el estado con mayor crecimiento industrial y ese crecimiento est\u00e1 generando m\u00e1s inversi\u00f3n, est\u00e1 haciendo que muchas industrias pongan sus ojos en Yucat\u00e1n y est\u00e1 generando tambi\u00e9n una expectativa de preguntarse qu\u00e9 capacidad tiene Yucat\u00e1n para proveerme del capital humano que yo necesito.<u><\/u><u><\/u><\/p>\n<p>Y la respuesta es muy concreta: ah\u00ed tenemos a los ingenieros industriales, en electromec\u00e1nica, en electr\u00f3nica que est\u00e1n en las aulas, a ustedes, ustedes son ese capital humano por el cual preguntan las empresas de Yucat\u00e1n, de M\u00e9xico y todo el mundo, que hoy ponen los ojos en nuestro estado y preguntan qu\u00e9 est\u00e1 sucediendo en Yucat\u00e1n, porqu\u00e9 est\u00e1 creciendo de esa manera.<u><\/u><u><\/u><\/p>\n<p>Son m\u00faltiples las circunstancias que est\u00e1n atrayendo a los inversionistas pero, sin duda, la capacidad que tiene Yucat\u00e1n hoy para formar capital humano, particularmente en ingenier\u00edas, es precisamente una de nuestras fortalezas, y no \u00fanicamente el hecho de decir que nosotros los formamos y aqu\u00ed egresan, no, lo sabe el doctor Godoy, porque ha estado en este proceso estos a\u00f1os.<u><\/u><u><\/u><\/p>\n<p>Empresas que hoy vienen y que est\u00e1n a punto de abrirse como Leoni, una empresa fundada en 1912, proveedora de la VMW, de la Mercedes Benz, etc\u00e9tera, antes de tomar una decisi\u00f3n, visitan los centros educativos, ven sus laboratorios, revisan qu\u00e9 talleres tienen, ven c\u00f3mo se forman esos j\u00f3venes y yo estoy seguro que, el d\u00eda de ma\u00f1ana, vendr\u00e1n muchas empresas y recorrer\u00e1n este instituto y dir\u00e1n \u201caqu\u00ed se forman j\u00f3venes con las actitudes y con las habilidades que necesita mi industria\u201d.<u><\/u><u><\/u><\/p>\n<p>Y qu\u00e9 decir del tema de electr\u00f3nica, del tema de sistemas computacionales, aqu\u00ed muy cerca vamos a tener un gran espacio de oportunidad, que es una Zona Econ\u00f3mica Especial. Esta Zona Econ\u00f3mica Especial que estar\u00e1 muy cerca de aqu\u00ed, en la carretera M\u00e9rida-Progreso, ser\u00e1 una Zona que, en los pr\u00f3ximos a\u00f1os, prev\u00e9 la contrataci\u00f3n de alrededor de 20 mil empleos. \u00bfQu\u00e9 es una Zona Econ\u00f3mica Especial? Es un espacio donde a las empresas que ah\u00ed llegan se les dan diversos tipos de incentivos, fiscales y de diferente tipo, para atraerlos y para que ah\u00ed se establezcan.<u><\/u><u><\/u><\/p>\n<p>Y esta ser\u00e1 una Zona llamada de \u201cnicho\u201d, que quiere decir \u201cespecializada\u201d, \u00bfy saben en qu\u00e9 se va especializar? En industrias vinculadas con la manufactura de bienes o la generaci\u00f3n de servicios de valor tecnol\u00f3gico, vinculados, en muchos de los casos, con las tecnolog\u00edas de la informaci\u00f3n y comunicaci\u00f3n, con la electr\u00f3nica.<u><\/u><u><\/u><\/p>\n<p>Y ah\u00ed precisamente tendr\u00e1n un gran cauce de oportunidad todos quienes hoy est\u00e1n en la ingenier\u00eda electr\u00f3nica, de sistemas computacionales, ah\u00ed est\u00e1 este espacio de oportunidad. \u201cOye, Rolando, pero eso que est\u00e1s diciendo \u00bfser\u00e1?\u201d. Bueno, ya existe un dictamen aprobado y favorable, y lo que sigue pr\u00f3ximamente es que venga el decreto y todas estas cosas han estado sucediendo muy r\u00e1pidamente en Yucat\u00e1n.<u><\/u><u><\/u><\/p>\n<p>Est\u00e1n gener\u00e1ndose las oportunidades y el estado las est\u00e1 tomando, y tambi\u00e9n para quienes est\u00e1n estudiando hoy energ\u00edas renovables, bueno, qu\u00e9 decir de que, de las 14 licitaciones que hubo para proyectos de energ\u00eda renovable, e\u00f3lica y solar, la m\u00e1s reciente licitaci\u00f3n, de las 14 que hubo en todo el pa\u00eds, y nueve se asignaron a Yucat\u00e1n; f\u00edjense: de 14 para todo el pa\u00eds, nueve ac\u00e1. Ese es el potencial que tiene Yucat\u00e1n.<u><\/u><u><\/u><\/p>\n<p>F\u00edjense: el viernes estuve en Dzilam Bravo, pero antes, estuve en Sucil\u00e1, fuimos all\u00e1 a inaugurar unas obras; estaba yo yendo en la carretera y digo \u201cy eso, \u00bfqu\u00e9 es?\u201d. Estoy rebasando un tr\u00e1iler con un aspa de un aerogenerador, yo creo que med\u00eda como 40 metros, \u00bfcu\u00e1nto, ingeniero? Imag\u00ednense el aspa de un abanico de 52 metros, 52 metros el aspa que es la mitad, porque otra aspa es la otra mitad, o sea, al dar la vuelta, hace 104 metros de di\u00e1metro.<u><\/u><u><\/u><\/p>\n<p>30 de esos va a haber aqu\u00ed en Dzilam Bravo, y va a haber otros en Progreso y, si no estoy mal, por ac\u00e1 por Suma, en Motul. Bueno, estos que les digo no entran dentro de los nueve, o sea, que ya son como 11 o 12. En fin, \u00bfqu\u00e9 les puedo decir? Son realidades que ya est\u00e1n sucediendo en Yucat\u00e1n y que, en corto tiempo, esos que vinieron en un barco desde China, que ya se est\u00e1n transportando para all\u00e1, en corto tiempo, ustedes podr\u00e1n ir a verlos ya funcionando, en unos cuantos meses.<u><\/u><u><\/u><\/p>\n<p>Ese es el Yucat\u00e1n del siglo XXI, j\u00f3venes; es el Yucat\u00e1n del siglo XXI, en el cual ustedes juegan un papel fundamental, porque les quiero decir que, sin excepci\u00f3n alguna, todas esas empresas que hoy est\u00e1n viniendo a invertir en Yucat\u00e1n grandes recursos, antes de tomar una decisi\u00f3n \u2013y aqu\u00ed est\u00e1 el doctor Godoy, aqu\u00ed est\u00e1 Ricardo, que tienen a su cargo el tema de la educaci\u00f3n superior o del \u00faltimo tramo de formaci\u00f3n\u2013, antes de venir, \u00bfqu\u00e9 es lo primero que hac\u00edan, Ricardo?<u><\/u><u><\/u><\/p>\n<p>Antes de venir, se sentaban con nuestra gente y dec\u00edan \u201c\u00bfqu\u00e9 carreras tienes, qu\u00e9 ingenier\u00edas tienes? Esa ingenier\u00eda, \u00bfqu\u00e9 matr\u00edcula? \u00bfQu\u00e9 carreras lleva? \u00bfQu\u00e9 flexibilidad tiene? \u00bfQu\u00e9 tanto se puede adecuar tu matr\u00edcula? \u00bfCu\u00e1ntos egresan?\u201d. Todo, una radiograf\u00eda, todo relacionado a la capacidad que tenga el estado para formar a los profesionales que yo necesito en mi empresa.<u><\/u><u><\/u><\/p>\n<p>Por eso, empezaba mi mensaje dici\u00e9ndoles \u201choy vengo a hablar de su futuro y hoy vengo a decirles de la gran esperanza que tiene Yucat\u00e1n en ustedes\u201d, porque ustedes hoy son la principal fortaleza para que Yucat\u00e1n mantenga ese rumbo, ese camino, porque el rumbo que tiene hoy Yucat\u00e1n es un rumbo de crecimiento econ\u00f3mico, es un rumbo de desarrollo, es un rumbo de certeza, es un camino que sabemos hacia d\u00f3nde queremos llegar y cu\u00e1les son los pasos que tenemos que dar.<u><\/u><u><\/u><\/p>\n<p>Y por eso reitero, en ese papel y en esa responsabilidad que tiene el Estado, que es garantizar que nuestros j\u00f3venes tengan una formaci\u00f3n integral vinculada a la ruta de crecimiento y de din\u00e1mica econ\u00f3mica que tiene el estado, yo creo que es la tarea m\u00e1s relevante que podemos hacer y, por eso, me da un enorme satisfacci\u00f3n participar con ustedes en la inauguraci\u00f3n de este laboratorio que ser\u00e1, sin duda, una columna muy importante para garantizar el crecimiento, el fortalecimiento de esta gran instituci\u00f3n y la formaci\u00f3n de todos y de todas ustedes.<u><\/u><u><\/u><\/p>\n<p>J\u00f3venes, su futuro es luminoso, su futuro tiene grandes espacios de oportunidad, su futuro est\u00e1 ah\u00ed, esper\u00e1ndoles y yo creo, o mejor dicho, estoy seguro que todos ustedes, enalteciendo ese gran sacrificio que hicieron sus padres y que ustedes los han visto desde que estaban chicos, y que ahora contin\u00faan viendo el esfuerzo que ellos hacen, yo s\u00e9 que ustedes lo van a enaltecer de la mejor manera posible.<u><\/u><u><\/u><\/p>\n<p>Siendo ciudadanos de bien, ciudadanos productivos para generar bienestar a su familia, a su comunidad y a este gran, gran estado de Yucat\u00e1n, que forma parte de esa gran fuerza de M\u00e9xico que hoy, m\u00e1s que nunca, pone su mejor rostro de solidaridad y de unidad. \u00a1Enhorabuena, j\u00f3venes, y a echarle muchas ganas!<\/p>\n<p><\/p>\n","protected":false},"excerpt":{"rendered":"<p>Nuevo Laboratorio Multidisciplinario de Ingenier\u00eda Electromec\u00e1nica, en el Itsmotul.<\/p>\n","protected":false},"author":1018,"featured_media":0,"comment_status":"open","ping_status":"open","sticky":false,"template":"","format":"standard","meta":{"tdm_status":"","tdm_grid_status":"","footnotes":""},"categories":[21],"tags":[],"_links":{"self":[{"href":"https:\/\/dralvarez.com.mx\/larevista\/wp-json\/wp\/v2\/posts\/58470"}],"collection":[{"href":"https:\/\/dralvarez.com.mx\/larevista\/wp-json\/wp\/v2\/posts"}],"about":[{"href":"https:\/\/dralvarez.com.mx\/larevista\/wp-json\/wp\/v2\/types\/post"}],"author":[{"embeddable":true,"href":"https:\/\/dralvarez.com.mx\/larevista\/wp-json\/wp\/v2\/users\/1018"}],"replies":[{"embeddable":true,"href":"https:\/\/dralvarez.com.mx\/larevista\/wp-json\/wp\/v2\/comments?post=58470"}],"version-history":[{"count":0,"href":"https:\/\/dralvarez.com.mx\/larevista\/wp-json\/wp\/v2\/posts\/58470\/revisions"}],"wp:attachment":[{"href":"https:\/\/dralvarez.com.mx\/larevista\/wp-json\/wp\/v2\/media?parent=58470"}],"wp:term":[{"taxonomy":"category","embeddable":true,"href":"https:\/\/dralvarez.com.mx\/larevista\/wp-json\/wp\/v2\/categories?post=58470"},{"taxonomy":"post_tag","embeddable":true,"href":"https:\/\/dralvarez.com.mx\/larevista\/wp-json\/wp\/v2\/tags?post=58470"}],"curies":[{"name":"wp","href":"https:\/\/api.w.org\/{rel}","templated":true}]}}