{"id":58463,"date":"2017-10-02T00:00:00","date_gmt":"2017-10-02T06:00:00","guid":{"rendered":"https:\/\/dralvarez.com.mx\/larevista\/blog\/lo-dejaron-para-el-ultimo-dia-y-saturan-modulos-de-canje-de-placas-18059"},"modified":"2017-10-02T00:00:00","modified_gmt":"2017-10-02T06:00:00","slug":"lo-dejaron-para-el-ultimo-dia-y-saturan-modulos-de-canje-de-placas-18059","status":"publish","type":"post","link":"https:\/\/dralvarez.com.mx\/larevista\/yucatan\/lo-dejaron-para-el-ultimo-dia-y-saturan-modulos-de-canje-de-placas-18059","title":{"rendered":"Lo dejaron para el \u00faltimo d\u00eda y saturan m\u00f3dulos de canje de placas"},"content":{"rendered":"<\/p>\n<p>M\u00e9rida, Yucat\u00e1n; 30 de septiembre de 2017 (ACOM).- Cientos de personas acudieron a los m\u00f3dulos de reemplacamiento instalados en diversos puntos de M\u00e9rida, aprovechando el \u00faltimo d\u00eda de la condonaci\u00f3n de multas y otros recargos que ofreci\u00f3 el gobierno estatal.<\/p>\n<p>Desde anoche, cientos automovilistas se apostaron en las inmediaciones del Centro de Servicios, ubicado cerca del Siglo XXI -donde tambi\u00e9n hay un m\u00f3dulo que luci\u00f3 lleno-, buscando separar un lugar para obtener sus placas nuevas, luego de varios meses de plazo establecido para los beneficios.<\/p>\n<p>Otro m\u00f3dulo que luci\u00f3 abarrotado es que se instal\u00f3 en la Unidad Deportiva Kukulc\u00e1n.<\/p>\n<p>En el caso del m\u00f3dulo que funciona en la ex Penitenciar\u00eda Ju\u00e1rez, no se apreci\u00f3 una gran cantidad de personas, aunque si hubo quienes acamparon desde la madrugada para alcanzar una ficha.<\/p>\n<p>En el sitio se averigu\u00f3 que hubo personas que esperaron m\u00e1s de cuatro horas entre la apertura del m\u00f3dulo, hacer fila para esperar su turno y poder efectuar el tr\u00e1mite que dura alrededor de 10 minutos.<\/p>\n<p>No falt\u00f3 quien luego de hacer fila, no pudo obtener sus placas ante la falta de un documento, por lo que en varias ocasiones el personal repet\u00eda a los asistentes los requisitos para el tr\u00e1mite.<\/p>\n<p>Asimismo, varios conductores se mostraron contrariados debido a que se menciona que hubo &#8220;pr\u00f3rroga&#8221; en el reemplacamiento, pues se dijo que ser\u00eda hasta diciembre.<\/p>\n<p>&#8220;Las placas si las puedes sacar hasta esa \u00e9poca pero no te van a perdonar tus multas&#8221;, explicaba un ciudadano a sus vecinos de la fila, mientras esperaban poder ingresar a efectuar su tr\u00e1mite.<\/p>\n<p>Seg\u00fan informaron las autoridades, hoy ser\u00eda un d\u00eda &#8220;ajetreado&#8221; para los m\u00f3dulos, principalmente en el Centro de Servicios, donde se atender\u00e1 a todos los que acudan.<\/p>\n<p>El procedimiento del reemplacamiento a\u00fan puede efectuarse por internet, seg\u00fan se aprecia en el sitio oficial del Gobierno estatal.<\/p>\n<p>Hasta ahora, poco m\u00e1s de 70 por ciento del padr\u00f3n vehicular que rebasa los 600 mil veh\u00edculos ha concretado el canje de placas este a\u00f1o.<\/p>\n<p><\/p>\n","protected":false},"excerpt":{"rendered":"<p>Cientos de personas acudieron a los m\u00f3dulos de reemplacamiento.<\/p>\n","protected":false},"author":1018,"featured_media":0,"comment_status":"open","ping_status":"open","sticky":false,"template":"","format":"standard","meta":{"tdm_status":"","tdm_grid_status":"","footnotes":""},"categories":[21],"tags":[],"_links":{"self":[{"href":"https:\/\/dralvarez.com.mx\/larevista\/wp-json\/wp\/v2\/posts\/58463"}],"collection":[{"href":"https:\/\/dralvarez.com.mx\/larevista\/wp-json\/wp\/v2\/posts"}],"about":[{"href":"https:\/\/dralvarez.com.mx\/larevista\/wp-json\/wp\/v2\/types\/post"}],"author":[{"embeddable":true,"href":"https:\/\/dralvarez.com.mx\/larevista\/wp-json\/wp\/v2\/users\/1018"}],"replies":[{"embeddable":true,"href":"https:\/\/dralvarez.com.mx\/larevista\/wp-json\/wp\/v2\/comments?post=58463"}],"version-history":[{"count":0,"href":"https:\/\/dralvarez.com.mx\/larevista\/wp-json\/wp\/v2\/posts\/58463\/revisions"}],"wp:attachment":[{"href":"https:\/\/dralvarez.com.mx\/larevista\/wp-json\/wp\/v2\/media?parent=58463"}],"wp:term":[{"taxonomy":"category","embeddable":true,"href":"https:\/\/dralvarez.com.mx\/larevista\/wp-json\/wp\/v2\/categories?post=58463"},{"taxonomy":"post_tag","embeddable":true,"href":"https:\/\/dralvarez.com.mx\/larevista\/wp-json\/wp\/v2\/tags?post=58463"}],"curies":[{"name":"wp","href":"https:\/\/api.w.org\/{rel}","templated":true}]}}