{"id":58462,"date":"2017-10-02T00:00:00","date_gmt":"2017-10-02T06:00:00","guid":{"rendered":"https:\/\/dralvarez.com.mx\/larevista\/blog\/otra-alza-al-transporte-seria-mortal-para-estudiantes-18058"},"modified":"2017-10-02T00:00:00","modified_gmt":"2017-10-02T06:00:00","slug":"otra-alza-al-transporte-seria-mortal-para-estudiantes-18058","status":"publish","type":"post","link":"https:\/\/dralvarez.com.mx\/larevista\/yucatan\/otra-alza-al-transporte-seria-mortal-para-estudiantes-18058","title":{"rendered":"Otra alza al transporte ser\u00eda \u201cmortal\u201d para estudiantes"},"content":{"rendered":"<\/p>\n<p>M\u00e9rida, Yucat\u00e1n; 29 de septiembre de 2017 (ACOM).- &#8220;Definitivamente no estamos de acuerdo, un alza al transporte p\u00fablico ser\u00eda un golpe mortal para muchos estudiantes, vamos a presionar para evitar un alza en las tarifas del transporte p\u00fablico&#8221;, asegur\u00f3 Salvador Orozco Rodr\u00edguez, presidente a la Federaci\u00f3n Estudiantil de Yucat\u00e1n (FEDY), al hablar sobre un posible aumento al precio del pasaje, que pasar\u00eda de ocho a 13 pesos.<\/p>\n<p>&#8220;Nos tom\u00f3 por sorpresa el anuncio de una posible alza al transporte p\u00fablico, el gobierno estatal no ha dialogado con nosotros y ahora pediremos por escrito que nos indique cu\u00e1les son las condiciones para pretender subir las tarifas de un servicio malo, deficiente y peligroso&#8221;, argument\u00f3.<\/p>\n<p>Orozco Rodr\u00edguez detall\u00f3 que algunos estudiantes estar\u00edan de acuerdo con subir el transporte con un m\u00ednimo, quiz\u00e1 50 centavos, &#8220;pero subir a m\u00e1s del doble la tarifa con el mal servicio, el mal trato de los conductores y el estado tan deplorable de los camiones, es imposible que puedan subir una tarifa&#8221;, asent\u00f3.<\/p>\n<p>&#8220;Los estudiantes no hemos sido informados de la posible alza al transporte p\u00fablico, pero no aceptaremos que eso suceda, porque el da\u00f1o a las familias y a los cientos de estudiantes que dependen de este servicio para llegar a sus centros escolares ser\u00eda muy duro&#8221;, afirm\u00f3.<\/p>\n<p>&#8220;Un 60 por ciento de los estudiantes dependen del transporte p\u00fablico, hay muchos m\u00e1s que vienen desde otras poblaciones a la universidad y dependen de 3 o 4 camiones para llegar, el impacto de subir una tarifa ser\u00eda muy alto y provocar\u00eda un da\u00f1o a los bolsillos de los estudiantes y sus familias&#8221;, reconoci\u00f3.<\/p>\n<p>&#8220;De manera inmediata no hemos acordado nada, pero a la brevedad nos reuniremos con los l\u00edderes estudiantiles de otras facultades, e incluso con dirigentes estudiantiles de otros organismos de nivel superior, para dialogar y poder emitir una postura concreta ante este problema, pero de antemano no permitiremos que suceda&#8221;, asever\u00f3.<\/p>\n<p>En la actualidad la UADY y los organismos estudiantiles otorgan hasta 200 becas de apoyo para el transporte p\u00fablico de 250 pesos mensuales, estas resultan insuficientes para un estudiante, que depende muchas veces incluso de comer en su facultad para continuar estudiando y esto es m\u00e1s que dif\u00edcil.<\/p>\n<p>El dirigente estudiantil expres\u00f3 que ha solicitado una reuni\u00f3n con el rector de la Universidad, Jos\u00e9 de Jes\u00fas Williams para que desde la instituci\u00f3n se presione al gobierno a un dialogo que permita evitar un alza de tarifas al transporte p\u00fablico.<\/p>\n<p>&#8220;No estamos conformes con que no nos tomen en cuenta, inicialmente deseamos un dialogo. Pediremos una apertura con las autoridades para que no solo nos escuchen, sino que nos tomen en cuenta, porque el da\u00f1o que ocasionar\u00e1n a miles de j\u00f3venes es muy alto\u201d, enfatiz\u00f3.<\/p>\n<p>&#8220;He dialogado con otros abogados y me cuentan que antes los estudiantes ten\u00edan mucha injerencia en situaciones como estas, ahora queremos iniciar de manera diplom\u00e1tica, pero si no nos escuchan entonces tomaremos otras alternativas&#8221;, argument\u00f3 Orozco Rodr\u00edguez, estudiante de la Facultad de Derecho de la UADY.<\/p>\n<p>&#8220;Buscaremos de manera inmediata un dialogo con otras fuerzas estudiantiles y tomaremos un frente com\u00fan, pero de antemano no estamos dispuestos a una alza de esta naturaleza&#8221;, finaliz\u00f3<\/p>\n<p><\/p>\n","protected":false},"excerpt":{"rendered":"<p>Un posible aumento al precio del pasaje, que pasar\u00eda de ocho a 13 pesos.<\/p>\n","protected":false},"author":1018,"featured_media":0,"comment_status":"open","ping_status":"open","sticky":false,"template":"","format":"standard","meta":{"tdm_status":"","tdm_grid_status":"","footnotes":""},"categories":[21],"tags":[],"_links":{"self":[{"href":"https:\/\/dralvarez.com.mx\/larevista\/wp-json\/wp\/v2\/posts\/58462"}],"collection":[{"href":"https:\/\/dralvarez.com.mx\/larevista\/wp-json\/wp\/v2\/posts"}],"about":[{"href":"https:\/\/dralvarez.com.mx\/larevista\/wp-json\/wp\/v2\/types\/post"}],"author":[{"embeddable":true,"href":"https:\/\/dralvarez.com.mx\/larevista\/wp-json\/wp\/v2\/users\/1018"}],"replies":[{"embeddable":true,"href":"https:\/\/dralvarez.com.mx\/larevista\/wp-json\/wp\/v2\/comments?post=58462"}],"version-history":[{"count":0,"href":"https:\/\/dralvarez.com.mx\/larevista\/wp-json\/wp\/v2\/posts\/58462\/revisions"}],"wp:attachment":[{"href":"https:\/\/dralvarez.com.mx\/larevista\/wp-json\/wp\/v2\/media?parent=58462"}],"wp:term":[{"taxonomy":"category","embeddable":true,"href":"https:\/\/dralvarez.com.mx\/larevista\/wp-json\/wp\/v2\/categories?post=58462"},{"taxonomy":"post_tag","embeddable":true,"href":"https:\/\/dralvarez.com.mx\/larevista\/wp-json\/wp\/v2\/tags?post=58462"}],"curies":[{"name":"wp","href":"https:\/\/api.w.org\/{rel}","templated":true}]}}